{"id":259318,"date":"2026-01-19T11:14:41","date_gmt":"2026-01-19T10:14:41","guid":{"rendered":"http:\/\/www.messinaoggi.it\/website\/?p=259318"},"modified":"2026-01-19T11:17:01","modified_gmt":"2026-01-19T10:17:01","slug":"gita-a-caltagirone-con-colazione-a-sacco-i-lamenti","status":"publish","type":"post","link":"https:\/\/www.messinaoggi.it\/website\/2026\/01\/19\/gita-a-caltagirone-con-colazione-a-sacco-i-lamenti\/","title":{"rendered":"Gita a Caltagirone con colazione a sacco: i lamenti"},"content":{"rendered":"\n<p>&#8220;Questa \u00e8 la colazione a sacco distribuita dagli uomini di De Luca, sui pullman per la gita a tema: Ti amo Sicilia, a Caltagirone&#8221;. <div id=\"div-gpt-ad-Messinaoggi.it-DSK-300x250-corpoart\" style=\"text-align:center;margin:0 auto;\"><\/div><\/p>\n\n\n\n<p>Il metodo-De Luca per le &#8220;gite a scopo politico&#8221; fa registrare qualche falla. Le persone che ieri hanno accettato di recarsi a Caltagirone per fare presenza e riempire la sala, si sono lamentate per la colazione a sacco &#8220;povera&#8221;.<div id=\"videoincontent\" style=\"clear:both\";><\/div><\/p>\n\n\n\n<figure class=\"wp-block-image size-large\"><img loading=\"lazy\" width=\"853\" height=\"1024\" src=\"http:\/\/www.messinaoggi.it\/website\/wp-content\/uploads\/2026\/01\/406bc0a3-7382-4de6-8203-743010b7c704-853x1024.jpg\" alt=\"\" class=\"wp-image-259319\" srcset=\"https:\/\/www.messinaoggi.it\/website\/wp-content\/uploads\/2026\/01\/406bc0a3-7382-4de6-8203-743010b7c704-853x1024.jpg 853w, https:\/\/www.messinaoggi.it\/website\/wp-content\/uploads\/2026\/01\/406bc0a3-7382-4de6-8203-743010b7c704-250x300.jpg 250w, https:\/\/www.messinaoggi.it\/website\/wp-content\/uploads\/2026\/01\/406bc0a3-7382-4de6-8203-743010b7c704-768x922.jpg 768w, https:\/\/www.messinaoggi.it\/website\/wp-content\/uploads\/2026\/01\/406bc0a3-7382-4de6-8203-743010b7c704.jpg 860w\" sizes=\"(max-width: 853px) 100vw, 853px\" \/><figcaption><strong>Il cestino da viaggio per le &#8220;truppe&#8221; deluchiane<\/strong><\/figcaption><\/figure>\n\n\n\n<p>Un panino, un dolcetto e un frutto nel &#8220;sacchetto&#8221; distribuito: poco per le energie di una intera giornata. E cos\u00ec \u00e8 scattata la &#8220;vendetta&#8221; divulgando le foto di un cestino da viaggio che non \u00e8 servito per &#8220;riempire la pancia&#8221; dei gitanti in quel di Caltagirone.<\/p>\n\n\n\n<p>A questo punto, visto che si \u00e8 parlato lungamente del nome di don Lugi Sturzo, risuona la frase del fondatore del Partito popolare italiano. &#8220;Servire, non servirsi&#8221;&#8230;<\/p>\n\n\n\n<p><\/p>\n","protected":false},"excerpt":{"rendered":"<p>&#8220;Questa \u00e8 la colazione a sacco distribuita dagli uomini di De Luca, sui pullman per la gita a tema: Ti amo Sicilia, a Caltagirone&#8221;. Il metodo-De Luca per le &#8220;gite a scopo politico&#8221; fa registrare qualche falla. Le persone che ieri hanno accettato di recarsi a Caltagirone per fare presenza e riempire la sala, si [&hellip;]<\/p>\n","protected":false},"author":2,"featured_media":259319,"comment_status":"open","ping_status":"open","sticky":false,"template":"","format":"standard","meta":{"ub_ctt_via":"","_mi_skip_tracking":false},"categories":[5],"tags":[12327,126,9783,12549],"featured_image_src":"https:\/\/www.messinaoggi.it\/website\/wp-content\/uploads\/2026\/01\/406bc0a3-7382-4de6-8203-743010b7c704.jpg","author_info":{"display_name":"Redazione","author_link":"https:\/\/www.messinaoggi.it\/website\/author\/redazione\/"},"digistream_id":0,"digistream":false,"_links":{"self":[{"href":"https:\/\/www.messinaoggi.it\/website\/wp-json\/wp\/v2\/posts\/259318"}],"collection":[{"href":"https:\/\/www.messinaoggi.it\/website\/wp-json\/wp\/v2\/posts"}],"about":[{"href":"https:\/\/www.messinaoggi.it\/website\/wp-json\/wp\/v2\/types\/post"}],"author":[{"embeddable":true,"href":"https:\/\/www.messinaoggi.it\/website\/wp-json\/wp\/v2\/users\/2"}],"replies":[{"embeddable":true,"href":"https:\/\/www.messinaoggi.it\/website\/wp-json\/wp\/v2\/comments?post=259318"}],"version-history":[{"count":2,"href":"https:\/\/www.messinaoggi.it\/website\/wp-json\/wp\/v2\/posts\/259318\/revisions"}],"predecessor-version":[{"id":259321,"href":"https:\/\/www.messinaoggi.it\/website\/wp-json\/wp\/v2\/posts\/259318\/revisions\/259321"}],"wp:featuredmedia":[{"embeddable":true,"href":"https:\/\/www.messinaoggi.it\/website\/wp-json\/wp\/v2\/media\/259319"}],"wp:attachment":[{"href":"https:\/\/www.messinaoggi.it\/website\/wp-json\/wp\/v2\/media?parent=259318"}],"wp:term":[{"taxonomy":"category","embeddable":true,"href":"https:\/\/www.messinaoggi.it\/website\/wp-json\/wp\/v2\/categories?post=259318"},{"taxonomy":"post_tag","embeddable":true,"href":"https:\/\/www.messinaoggi.it\/website\/wp-json\/wp\/v2\/tags?post=259318"}],"curies":[{"name":"wp","href":"https:\/\/api.w.org\/{rel}","templated":true}]}}