{"id":259298,"date":"2026-01-19T10:25:12","date_gmt":"2026-01-19T09:25:12","guid":{"rendered":"http:\/\/www.messinaoggi.it\/website\/?p=259298"},"modified":"2026-01-19T10:25:17","modified_gmt":"2026-01-19T09:25:17","slug":"piazza-casa-pia-ancora-in-clima-natalizio","status":"publish","type":"post","link":"https:\/\/www.messinaoggi.it\/website\/2026\/01\/19\/piazza-casa-pia-ancora-in-clima-natalizio\/","title":{"rendered":"Piazza Casa Pia ancora in clima natalizio&#8230;"},"content":{"rendered":"\n<p>A Piazza Casa Pia si respira ancora un clima natalizio bench\u00e9 la citt\u00e0 si stia proiettando verso il Carnevale. L&#8217;albero di Natale collocato dall&#8217;amministrazione comunale continua a fare bella mostra di s\u00e9 nella piazza cittadina, cos\u00ec come in altre zone della citt\u00e0.<div id=\"div-gpt-ad-Messinaoggi.it-DSK-300x250-corpoart\" style=\"text-align:center;margin:0 auto;\"><\/div><\/p>\n\n\n\n<p>Una semplice dimenticanza o un &#8220;mostruoso ritardo&#8221; da parte di Palazzo Zanca nella rimozione dell&#8217;arbusto natalizio?<div id=\"videoincontent\" style=\"clear:both\";><\/div><\/p>\n\n\n\n<p>La risposta la consegnamo all&#8217;amministrazione comunale che da oggi si spera torner\u00e0 ad occuparsi di Messina dopo la &#8220;trasferta&#8221; di Caltagirone.<\/p>\n\n\n\n<p>Per la verit\u00e0 anche le luminarie di via Garibaldi e di altre zone della citt\u00e0 non sono state ancora rimosse, sebbene le luci siano state spente.<\/p>\n","protected":false},"excerpt":{"rendered":"<p>A Piazza Casa Pia si respira ancora un clima natalizio bench\u00e9 la citt\u00e0 si stia proiettando verso il Carnevale. L&#8217;albero di Natale collocato dall&#8217;amministrazione comunale continua a fare bella mostra di s\u00e9 nella piazza cittadina, cos\u00ec come in altre zone della citt\u00e0. Una semplice dimenticanza o un &#8220;mostruoso ritardo&#8221; da parte di Palazzo Zanca nella [&hellip;]<\/p>\n","protected":false},"author":2,"featured_media":259299,"comment_status":"open","ping_status":"open","sticky":false,"template":"","format":"standard","meta":{"ub_ctt_via":"","_mi_skip_tracking":false},"categories":[5],"tags":[6592,3692,10853],"featured_image_src":"https:\/\/www.messinaoggi.it\/website\/wp-content\/uploads\/2026\/01\/2541f8fb-2155-43db-a285-7ba6c9e323aa-scaled.jpg","author_info":{"display_name":"Redazione","author_link":"https:\/\/www.messinaoggi.it\/website\/author\/redazione\/"},"digistream_id":0,"digistream":false,"_links":{"self":[{"href":"https:\/\/www.messinaoggi.it\/website\/wp-json\/wp\/v2\/posts\/259298"}],"collection":[{"href":"https:\/\/www.messinaoggi.it\/website\/wp-json\/wp\/v2\/posts"}],"about":[{"href":"https:\/\/www.messinaoggi.it\/website\/wp-json\/wp\/v2\/types\/post"}],"author":[{"embeddable":true,"href":"https:\/\/www.messinaoggi.it\/website\/wp-json\/wp\/v2\/users\/2"}],"replies":[{"embeddable":true,"href":"https:\/\/www.messinaoggi.it\/website\/wp-json\/wp\/v2\/comments?post=259298"}],"version-history":[{"count":1,"href":"https:\/\/www.messinaoggi.it\/website\/wp-json\/wp\/v2\/posts\/259298\/revisions"}],"predecessor-version":[{"id":259300,"href":"https:\/\/www.messinaoggi.it\/website\/wp-json\/wp\/v2\/posts\/259298\/revisions\/259300"}],"wp:featuredmedia":[{"embeddable":true,"href":"https:\/\/www.messinaoggi.it\/website\/wp-json\/wp\/v2\/media\/259299"}],"wp:attachment":[{"href":"https:\/\/www.messinaoggi.it\/website\/wp-json\/wp\/v2\/media?parent=259298"}],"wp:term":[{"taxonomy":"category","embeddable":true,"href":"https:\/\/www.messinaoggi.it\/website\/wp-json\/wp\/v2\/categories?post=259298"},{"taxonomy":"post_tag","embeddable":true,"href":"https:\/\/www.messinaoggi.it\/website\/wp-json\/wp\/v2\/tags?post=259298"}],"curies":[{"name":"wp","href":"https:\/\/api.w.org\/{rel}","templated":true}]}}