{"id":259185,"date":"2026-01-17T13:46:42","date_gmt":"2026-01-17T12:46:42","guid":{"rendered":"https:\/\/www.messinaoggi.it\/website\/2026\/01\/17\/schifani-la-sicilia-non-e-piu-fanalino-di-coda-grazie-al-buon-governo-di-forza-italia\/"},"modified":"2026-01-17T14:22:23","modified_gmt":"2026-01-17T13:22:23","slug":"schifani-la-sicilia-non-e-piu-fanalino-di-coda-grazie-al-buon-governo-di-forza-italia","status":"publish","type":"post","link":"https:\/\/www.messinaoggi.it\/website\/2026\/01\/17\/schifani-la-sicilia-non-e-piu-fanalino-di-coda-grazie-al-buon-governo-di-forza-italia\/","title":{"rendered":"Schifani \u201cLa Sicilia non \u00e8 pi\u00f9 fanalino di coda grazie al buon governo di Forza Italia\u201d"},"content":{"rendered":"<div>\n<p>ROMA (ITALPRESS) \u2013 <em><strong>\u201cLa Sicilia non \u00e8 pi\u00f9 fanalino di coda, per la prima volta nella storia cresce pi\u00f9 delle altre regioni<\/strong>: non chiediamo pi\u00f9 niente con il cappello in mano, i dati ci dicono che siamo cresciuti dell\u20191,1% nel primo trimestre 2025 e questo lo dicono cifre ufficiali. <strong>Questi sono tutti elementi che si devono al buon governo di Forza Italia:<\/strong> abbiamo risanato un disavanzo da 2,5 miliardi di euro, che potremo impiegare a luglio. Anche sui mercati internazionali abbiamo recuperato credibilit\u00e0\u201d<\/em>. Lo ha detto il<strong> presidente della Regione Siciliana Renato Schifani, intervenendo a una manifestazione di Forza Italia a Palermo, alla presenza del ministro Tajani.<\/strong><div id=\"div-gpt-ad-Messinaoggi.it-DSK-300x250-corpoart\" style=\"text-align:center;margin:0 auto;\"><\/div><\/p>\n<h3><strong>SUI TERMOVALORIZZATORI: \u201cANDIAMO AVANTI PER CAMBIARE LA VITA DEI SICILIANI\u201d<\/strong><\/h3>\n<p><em><strong>\u201cCi stiamo impegnando pure sui termovalorizzatori: vogliamo cambiare la qualit\u00e0 della vita dei siciliani,<\/strong> ci hanno provato tanti miei predecessori ma noi siamo a buon punto perch\u00e9 abbiamo stanziato le somme e abbiamo i soggetti in fase di arrivo per i progetti di Palermo e Catania. Vogliamo iniziare entro fine anno, poi ce ne vorranno altri due per definirli. Ringrazio il governo nazionale e Tajani per avermi nominato commissario per i termovalorizzatori. C\u2019\u00e8 chi non li vuole, in passato ci sono stati sistemi che hanno lucrato e c\u2019\u00e8 anche chi ha provato a paralizzare la nostra azione: noi ci siamo difesi e abbiamo vinto tutti i ricorsi, non abbiamo nulla da nascondere\u201d<\/em>, ha aggiunto.<div id=\"videoincontent\" style=\"clear:both\";><\/div><\/p>\n<h3><strong>\u201cENTRO L\u2019ESTATE L\u2019INIZIO DEI LAVORI DEL POLO PEDIATRICO\u201d<\/strong><\/h3>\n<p><em><strong>\u201cTante famiglie hanno dovuto portare i figli malati a curarsi al nord:<\/strong> mi sono fatto carico di riprendere le redini per il polo pediatrico e aggiornare il progetto, trovando le somme e aggiudicandoci l\u2019appalto. Entro l\u2019estate contiamo di iniziare i lavori, cosicch\u00e9 i nostri bambini non debbano andare pi\u00f9 a curarsi fuori dalla Sicilia\u201d.\u00a0<\/em><\/p>\n<h3><strong>\u201cIL REGOLAMENTO DEL VOTO DELL\u2019ARS E\u2019 TUTTO DA RIVEDERE E DA RIFORMARE\u201d<\/strong><\/h3>\n<p><em><strong>\u201cIl regolamento del voto all\u2019Ars \u00e8 tutto da riformare e rivedere:<\/strong> il voto segreto si pu\u00f2 chiedere su tutto, non c\u2019\u00e8 contingentamento dei tempi, non ci sono regole come alla Camera e al Senato e questo crea difficolt\u00e0 a chi porta avanti l\u2019azione del governo. Cerchiamo lo stesso di raggiungere i nostri obiettivi, a volte con le mediazioni con l\u2019opposizione\u201d <\/em>E ancora: <em>\u201cSono tre anni che approviamo la finanziaria entro l\u2019anno, rispettando i tempi: ringrazio il presidente dell\u2019Ars per aver gestito bene la mediazione con le opposizioni per arrivare a un\u2019approvazione nel rispetto dei tempi. A volte una mediazione serve, per evitare che l\u2019aula venga paralizzata e per operare nell\u2019interesse superiore dei siciliani\u201d.<\/em><\/p>\n<p>-Foto xd8\/Italpress-<br \/>\n(ITALPRESS).<\/p>\n<\/div>\n","protected":false},"excerpt":{"rendered":"<p>ROMA (ITALPRESS) \u2013 \u201cLa Sicilia non \u00e8 pi\u00f9 fanalino di coda, per la prima volta nella storia cresce pi\u00f9 delle altre regioni: non chiediamo pi\u00f9 niente con il cappello in mano, i dati ci dicono che siamo cresciuti dell\u20191,1% nel primo trimestre 2025 e questo lo dicono cifre ufficiali. Questi sono tutti elementi che si [&hellip;]<\/p>\n","protected":false},"author":18,"featured_media":259186,"comment_status":"closed","ping_status":"closed","sticky":false,"template":"","format":"standard","meta":{"ub_ctt_via":"","_mi_skip_tracking":false},"categories":[6,2449],"tags":[783],"featured_image_src":"https:\/\/www.messinaoggi.it\/website\/wp-content\/uploads\/2026\/01\/WhatsApp-Image-2026-01-17-at-12.35.41.jpeg","author_info":{"display_name":"Admin","author_link":"https:\/\/www.messinaoggi.it\/website\/author\/admin\/"},"digistream_id":0,"digistream":false,"_links":{"self":[{"href":"https:\/\/www.messinaoggi.it\/website\/wp-json\/wp\/v2\/posts\/259185"}],"collection":[{"href":"https:\/\/www.messinaoggi.it\/website\/wp-json\/wp\/v2\/posts"}],"about":[{"href":"https:\/\/www.messinaoggi.it\/website\/wp-json\/wp\/v2\/types\/post"}],"author":[{"embeddable":true,"href":"https:\/\/www.messinaoggi.it\/website\/wp-json\/wp\/v2\/users\/18"}],"replies":[{"embeddable":true,"href":"https:\/\/www.messinaoggi.it\/website\/wp-json\/wp\/v2\/comments?post=259185"}],"version-history":[{"count":1,"href":"https:\/\/www.messinaoggi.it\/website\/wp-json\/wp\/v2\/posts\/259185\/revisions"}],"predecessor-version":[{"id":259191,"href":"https:\/\/www.messinaoggi.it\/website\/wp-json\/wp\/v2\/posts\/259185\/revisions\/259191"}],"wp:featuredmedia":[{"embeddable":true,"href":"https:\/\/www.messinaoggi.it\/website\/wp-json\/wp\/v2\/media\/259186"}],"wp:attachment":[{"href":"https:\/\/www.messinaoggi.it\/website\/wp-json\/wp\/v2\/media?parent=259185"}],"wp:term":[{"taxonomy":"category","embeddable":true,"href":"https:\/\/www.messinaoggi.it\/website\/wp-json\/wp\/v2\/categories?post=259185"},{"taxonomy":"post_tag","embeddable":true,"href":"https:\/\/www.messinaoggi.it\/website\/wp-json\/wp\/v2\/tags?post=259185"}],"curies":[{"name":"wp","href":"https:\/\/api.w.org\/{rel}","templated":true}]}}