{"id":25905,"date":"2018-10-24T15:46:44","date_gmt":"2018-10-24T13:46:44","guid":{"rendered":"http:\/\/www.messinaoggi.it\/website\/?p=25905"},"modified":"2018-10-24T15:46:44","modified_gmt":"2018-10-24T13:46:44","slug":"candiani-de-luca-al-ministero-e-chi-lha-visto-pero-messina-puo-evitare-il-default-se-fara-chiarezza","status":"publish","type":"post","link":"https:\/\/www.messinaoggi.it\/website\/2018\/10\/24\/candiani-de-luca-al-ministero-e-chi-lha-visto-pero-messina-puo-evitare-il-default-se-fara-chiarezza\/","title":{"rendered":"Candiani: &quot;De Luca al Ministero? E chi l&#039;ha visto. Per\u00f2 Messina pu\u00f2 evitare il default se far\u00e0 chiarezza&quot;"},"content":{"rendered":"<p style=\"text-align: justify;\">Il sindaco <strong>Cateno De Luca<\/strong> in questi giorni si trova a Roma, dove tra l\u2019altro, dice, di avere discusso la rimodulazione del Piano di riequilibrio, dal momento che Messina com\u2019\u00e8 noto \u00e8 uno dei Comuni italiani in stato di pre-dissesto.<div id=\"div-gpt-ad-Messinaoggi.it-DSK-300x250-corpoart\" style=\"text-align:center;margin:0 auto;\"><\/div><\/p>\n<p style=\"text-align: justify;\">Il sindaco ha fornito degli aggiornamenti attraverso la sua pagina Fb, ma abbiamo preferito sentire la \u201ccontroparte\u201d per comprendere realmente come sono andati gli incontri e, soprattutto, con chi si \u00e8 incontrato <strong>Cateno De Luca<\/strong> al Ministero dell\u2019Interno.<div id=\"videoincontent\" style=\"clear:both\";><\/div><\/p>\n<p style=\"text-align: justify;\">Per questo abbiamo sentito telefonicamente il sottosegretario agli Interni, il leghista <strong>Stefano Candiani,<\/strong> \u201cmarcato\u201d a uomo in questi giorni caldi dal consigliere comunale\u00a0<strong>Dino Bramanti<\/strong>, il quale sta \u201c<em>caldeggiando<\/em>\u201d il caso-Messina direttamente con il sottosegretario <strong>Candiani<\/strong>.<\/p>\n<p style=\"text-align: justify;\">Occorre sottolineare che il sindaco di Messina ha compiuto un passaggio prettamente tecnico, bypassando la politica. Una scelta che potrebbe sembrare azzardata dal momento che la politica in casi del genere gioca un ruolo determinante. Basti ricordare il <strong>caso-Catania<\/strong> con l\u2019intervento del <strong>governo \u2013Berlusconi<\/strong>, nel 2008 arrivarono 140mln di euro, fornendo alla citt\u00e0 etnea un bel paracadute.<\/p>\n<p style=\"text-align: justify;\"><strong>Senatore Candiani, immagino abbia incontrato il sindaco, Cateno De Luca, in questi giorni a Roma per discutere la rimodulazione del piano di riequilibrio?<\/strong><\/p>\n<p style=\"text-align: justify;\">\u201c<em>Guardi, ho letto sulla stampa anche io questa notizia. Ma le assicuro che non ho avuto alcun incontro col sindaco di Messina. N\u00e9 lui me l\u2019ha richiesto. Immagino abbia parlato con alcuni funzionari del Ministero. Non credo sia corretto da parte del sindaco di Messina, ma sappiamo che questi suoi atteggiamenti fanno parte del personaggio<\/em>\u201d.<\/p>\n<p style=\"text-align: justify;\"><strong>Avr\u00e0 avuto modo di \u201cstudiare\u201d il caso-Messina. Come ha trovato i conti?<\/strong><\/p>\n<p style=\"text-align: justify;\"><em>\u201cLa citt\u00e0 di Messina pu\u00f2 salvarsi dal dissesto nella misura in cui far\u00e0 chiarezza sui conti e giunger\u00e0 alle determinazioni da assumere per evitare il default. Noi siamo attenti osservatori della situazione di Messina cos\u00ec come di tutte le altre amministrazioni che sono in condizioni di pre-dissesto\u201d.<\/em><\/p>\n<p style=\"text-align: justify;\"><strong>Messina, in definitiva, eviter\u00e0 il dissesto?<\/strong><\/p>\n<p style=\"text-align: justify;\">\u201c<em>Ogni amministrazione \u00e8 responsabile del proprio destino. Le rispondo cos\u00ec in maniera secca, perch\u00e9 ritengo che il futuro di Messina dipenda solo dalla sua amministrazione. Dipender\u00e0 tutto dalla chiarezza sui conti, come le ho detto, e soprattutto dalle azioni che intende promuovere per rimodulare il piano di riequilibrio. Se saranno seguiti correttamente i passaggi Messina eviter\u00e0 il default, caso contrario sar\u00e0 destinata a fallire<\/em>\u201d.<\/p>\n","protected":false},"excerpt":{"rendered":"<p>Il sindaco Cateno De Luca in questi giorni si trova a Roma, dove tra l\u2019altro, dice, di avere discusso la rimodulazione del Piano di riequilibrio, dal momento che Messina com\u2019\u00e8 noto \u00e8 uno dei Comuni italiani in stato di pre-dissesto. Il sindaco ha fornito degli aggiornamenti attraverso la sua pagina Fb, ma abbiamo preferito sentire [&hellip;]<\/p>\n","protected":false},"author":2,"featured_media":25904,"comment_status":"closed","ping_status":"open","sticky":false,"template":"","format":"standard","meta":{"ub_ctt_via":"","_mi_skip_tracking":false},"categories":[19,4],"tags":[],"featured_image_src":"https:\/\/www.messinaoggi.it\/website\/wp-content\/uploads\/2018\/10\/699FACA8-8613-487A-B8B8-F0D2119A6977.jpeg","author_info":{"display_name":"Redazione","author_link":"https:\/\/www.messinaoggi.it\/website\/author\/redazione\/"},"digistream_id":0,"digistream":false,"_links":{"self":[{"href":"https:\/\/www.messinaoggi.it\/website\/wp-json\/wp\/v2\/posts\/25905"}],"collection":[{"href":"https:\/\/www.messinaoggi.it\/website\/wp-json\/wp\/v2\/posts"}],"about":[{"href":"https:\/\/www.messinaoggi.it\/website\/wp-json\/wp\/v2\/types\/post"}],"author":[{"embeddable":true,"href":"https:\/\/www.messinaoggi.it\/website\/wp-json\/wp\/v2\/users\/2"}],"replies":[{"embeddable":true,"href":"https:\/\/www.messinaoggi.it\/website\/wp-json\/wp\/v2\/comments?post=25905"}],"version-history":[{"count":0,"href":"https:\/\/www.messinaoggi.it\/website\/wp-json\/wp\/v2\/posts\/25905\/revisions"}],"wp:featuredmedia":[{"embeddable":true,"href":"https:\/\/www.messinaoggi.it\/website\/wp-json\/wp\/v2\/media\/25904"}],"wp:attachment":[{"href":"https:\/\/www.messinaoggi.it\/website\/wp-json\/wp\/v2\/media?parent=25905"}],"wp:term":[{"taxonomy":"category","embeddable":true,"href":"https:\/\/www.messinaoggi.it\/website\/wp-json\/wp\/v2\/categories?post=25905"},{"taxonomy":"post_tag","embeddable":true,"href":"https:\/\/www.messinaoggi.it\/website\/wp-json\/wp\/v2\/tags?post=25905"}],"curies":[{"name":"wp","href":"https:\/\/api.w.org\/{rel}","templated":true}]}}