{"id":25899,"date":"2018-10-24T16:25:26","date_gmt":"2018-10-24T14:25:26","guid":{"rendered":"http:\/\/www.messinaoggi.it\/website\/?p=25899"},"modified":"2018-10-24T16:25:26","modified_gmt":"2018-10-24T14:25:26","slug":"cimiteri-i-nuovi-orari-in-vista-della-celebrazione-dei-defunti","status":"publish","type":"post","link":"https:\/\/www.messinaoggi.it\/website\/2018\/10\/24\/cimiteri-i-nuovi-orari-in-vista-della-celebrazione-dei-defunti\/","title":{"rendered":"Cimiteri, i nuovi orari in vista della celebrazione dei defunti"},"content":{"rendered":"<p class=\"p1\" style=\"text-align: justify;\"><span class=\"s1\">In occasione della Commemorazione dei defunti sono stati rimodulati gli orari di apertura e chiusura dei cimiteri rurali. <\/span><div id=\"div-gpt-ad-Messinaoggi.it-DSK-300x250-corpoart\" style=\"text-align:center;margin:0 auto;\"><\/div><\/p>\n<p class=\"p1\" style=\"text-align: justify;\"><span class=\"s1\">Pertanto il calendario prevede luned\u00ec 29, la chiusura per riposo settimanale; marted\u00ec 30, l\u2019apertura dalle ore 8 alle 13; nelle giornate di mercoled\u00ec 31, gioved\u00ec 1 e venerd\u00ec 2 novembre, l\u2019orario continuativo dalle 8 alle 17; infine sabato 3 e domenica 4 novembre apertura dalle 8 alle 13.<\/span><div id=\"videoincontent\" style=\"clear:both\";><\/div><\/p>\n","protected":false},"excerpt":{"rendered":"<p>In occasione della Commemorazione dei defunti sono stati rimodulati gli orari di apertura e chiusura dei cimiteri rurali. Pertanto il calendario prevede luned\u00ec 29, la chiusura per riposo settimanale; marted\u00ec 30, l\u2019apertura dalle ore 8 alle 13; nelle giornate di mercoled\u00ec 31, gioved\u00ec 1 e venerd\u00ec 2 novembre, l\u2019orario continuativo dalle 8 alle 17; infine [&hellip;]<\/p>\n","protected":false},"author":2,"featured_media":2655,"comment_status":"closed","ping_status":"open","sticky":false,"template":"","format":"standard","meta":{"ub_ctt_via":"","_mi_skip_tracking":false},"categories":[5],"tags":[],"featured_image_src":"https:\/\/www.messinaoggi.it\/website\/wp-content\/uploads\/2017\/06\/cimitero-messina-camposanto-2.jpg","author_info":{"display_name":"Redazione","author_link":"https:\/\/www.messinaoggi.it\/website\/author\/redazione\/"},"digistream_id":0,"digistream":false,"_links":{"self":[{"href":"https:\/\/www.messinaoggi.it\/website\/wp-json\/wp\/v2\/posts\/25899"}],"collection":[{"href":"https:\/\/www.messinaoggi.it\/website\/wp-json\/wp\/v2\/posts"}],"about":[{"href":"https:\/\/www.messinaoggi.it\/website\/wp-json\/wp\/v2\/types\/post"}],"author":[{"embeddable":true,"href":"https:\/\/www.messinaoggi.it\/website\/wp-json\/wp\/v2\/users\/2"}],"replies":[{"embeddable":true,"href":"https:\/\/www.messinaoggi.it\/website\/wp-json\/wp\/v2\/comments?post=25899"}],"version-history":[{"count":0,"href":"https:\/\/www.messinaoggi.it\/website\/wp-json\/wp\/v2\/posts\/25899\/revisions"}],"wp:featuredmedia":[{"embeddable":true,"href":"https:\/\/www.messinaoggi.it\/website\/wp-json\/wp\/v2\/media\/2655"}],"wp:attachment":[{"href":"https:\/\/www.messinaoggi.it\/website\/wp-json\/wp\/v2\/media?parent=25899"}],"wp:term":[{"taxonomy":"category","embeddable":true,"href":"https:\/\/www.messinaoggi.it\/website\/wp-json\/wp\/v2\/categories?post=25899"},{"taxonomy":"post_tag","embeddable":true,"href":"https:\/\/www.messinaoggi.it\/website\/wp-json\/wp\/v2\/tags?post=25899"}],"curies":[{"name":"wp","href":"https:\/\/api.w.org\/{rel}","templated":true}]}}