{"id":25898,"date":"2018-10-24T15:03:04","date_gmt":"2018-10-24T13:03:04","guid":{"rendered":"http:\/\/www.messinaoggi.it\/website\/?p=25898"},"modified":"2018-10-24T15:03:04","modified_gmt":"2018-10-24T13:03:04","slug":"risanamento-la-protezione-civile-dice-no-allo-stato-di-emergenza-abitativa","status":"publish","type":"post","link":"https:\/\/www.messinaoggi.it\/website\/2018\/10\/24\/risanamento-la-protezione-civile-dice-no-allo-stato-di-emergenza-abitativa\/","title":{"rendered":"Risanamento, la Protezione civile dice &quot;no&quot; allo stato di emergenza abitativa"},"content":{"rendered":"<p style=\"text-align: justify;\">&#8220;<em>Mi sono presentato stamattina al Dipartimento nazionale di protezione civile in via Ulpiano 11 (prossimit\u00e0 Cassazione) senza un preventivo appuntamento. I commessi mi hanno detto che non si riceve il pubblico senza appuntamento ed io ho ribadito che ero il Sindaco di Messina e che da troppo te<span class=\"text_exposed_show\">mpo attendevo una risposta insistendo ad essere ricevuto.\u00a0<\/span>Dopo 10 minuti mi hanno fatto salire al terzo piano, accompagnato dagli assessori Carlotta Previti e Salvatore Mondello, e siamo stati ricevuti dal capo dipartimento della protezione civile Angelo Borrelli gran persone perbene ed altamente professionale. Ci siamo parlati con chiarezza. Borrelli ha affermato che lo stato di emergenza, ai sensi della normativa vigente, pu\u00f2 essere dichiarato al verificarsi o nell\u2019imminenza di calamit\u00e0 naturali, oppure per eventi connessi all&#8217;attivit\u00e0 dell&#8217;uomo, che per intensit\u00e0 ed estensione devono essere fronteggiati con immediatezza di intervento con mezzi e poteri straordinari. Pu\u00f2 essere dichiarato anche in caso di calamit\u00e0 naturali o gravi eventi all\u2019estero ma comunque riferibile ad eventi non programmabili. Ci\u00f2 non significa che non sia stato chiarito come le baracche di Messina non siano una condizione emergenziale ma, per la necessit\u00e0 di risanamento degli ambiti si poteva (e doveva!!!) intervenire con una programmazione ordinaria (visto il notevole lasso di tempo intercorso sino alla data odierna). Il lassismo e l&#8217;inerzia hanno determinato una condizione emergenziale che, a causa delle normative vigenti (L.225\/92 e ss mm ed ii), non pu\u00f2 essere trattato come evento emergenziale ma, che in realt\u00e0, \u00e8 una condizione emergenziale non affrontabile dalle normative che disciplinano la Protezione civile<\/em>&#8220;.<div id=\"div-gpt-ad-Messinaoggi.it-DSK-300x250-corpoart\" style=\"text-align:center;margin:0 auto;\"><\/div><\/p>\n<p style=\"text-align: justify;\">Lo scrive sul suo profilo Fb il sindaco di Messina, <strong>Cateno De Luca<\/strong>.<div id=\"videoincontent\" style=\"clear:both\";><\/div><\/p>\n<div class=\"text_exposed_show\">\nI\n<\/div>\n","protected":false},"excerpt":{"rendered":"<p>&#8220;Mi sono presentato stamattina al Dipartimento nazionale di protezione civile in via Ulpiano 11 (prossimit\u00e0 Cassazione) senza un preventivo appuntamento. I commessi mi hanno detto che non si riceve il pubblico senza appuntamento ed io ho ribadito che ero il Sindaco di Messina e che da troppo tempo attendevo una risposta insistendo ad essere ricevuto.\u00a0Dopo [&hellip;]<\/p>\n","protected":false},"author":2,"featured_media":11575,"comment_status":"closed","ping_status":"open","sticky":false,"template":"","format":"standard","meta":{"ub_ctt_via":"","_mi_skip_tracking":false},"categories":[6],"tags":[],"featured_image_src":"https:\/\/www.messinaoggi.it\/website\/wp-content\/uploads\/2017\/11\/baracche-vista-dallalto-messina-messinoggi.jpeg","author_info":{"display_name":"Redazione","author_link":"https:\/\/www.messinaoggi.it\/website\/author\/redazione\/"},"digistream_id":0,"digistream":false,"_links":{"self":[{"href":"https:\/\/www.messinaoggi.it\/website\/wp-json\/wp\/v2\/posts\/25898"}],"collection":[{"href":"https:\/\/www.messinaoggi.it\/website\/wp-json\/wp\/v2\/posts"}],"about":[{"href":"https:\/\/www.messinaoggi.it\/website\/wp-json\/wp\/v2\/types\/post"}],"author":[{"embeddable":true,"href":"https:\/\/www.messinaoggi.it\/website\/wp-json\/wp\/v2\/users\/2"}],"replies":[{"embeddable":true,"href":"https:\/\/www.messinaoggi.it\/website\/wp-json\/wp\/v2\/comments?post=25898"}],"version-history":[{"count":0,"href":"https:\/\/www.messinaoggi.it\/website\/wp-json\/wp\/v2\/posts\/25898\/revisions"}],"wp:featuredmedia":[{"embeddable":true,"href":"https:\/\/www.messinaoggi.it\/website\/wp-json\/wp\/v2\/media\/11575"}],"wp:attachment":[{"href":"https:\/\/www.messinaoggi.it\/website\/wp-json\/wp\/v2\/media?parent=25898"}],"wp:term":[{"taxonomy":"category","embeddable":true,"href":"https:\/\/www.messinaoggi.it\/website\/wp-json\/wp\/v2\/categories?post=25898"},{"taxonomy":"post_tag","embeddable":true,"href":"https:\/\/www.messinaoggi.it\/website\/wp-json\/wp\/v2\/tags?post=25898"}],"curies":[{"name":"wp","href":"https:\/\/api.w.org\/{rel}","templated":true}]}}