{"id":258936,"date":"2026-01-14T18:24:59","date_gmt":"2026-01-14T17:24:59","guid":{"rendered":"http:\/\/www.messinaoggi.it\/website\/?p=258936"},"modified":"2026-01-14T18:25:01","modified_gmt":"2026-01-14T17:25:01","slug":"partecipazione-e-m3s-a-larderia-muro-pericolante","status":"publish","type":"post","link":"https:\/\/www.messinaoggi.it\/website\/2026\/01\/14\/partecipazione-e-m3s-a-larderia-muro-pericolante\/","title":{"rendered":"Partecipazione e M3S: &#8220;A Larderia muro pericolante&#8221;"},"content":{"rendered":"\n<p>&#8220;Contrada Casicelle (Larderia Inferiore). Ancora oggi, nel territorio comunale di Messina, si \u00e8 costretti ad assistere a scene indegne di un Paese civile.Un\u2019intera comunit\u00e0 che vive e lavora lungo la strada comunale di accesso alla contrada Casucelli \u00e8 quotidianamente esposta a un grave e concreto rischio per la pubblica incolumit\u00e0. Il muro di contenimento a presidio della sede stradale, ormai visibilmente compromesso, potrebbe collassare in qualsiasi momento, mettendo seriamente in pericolo residenti, lavoratori e automobilisti&#8221;.<div id=\"div-gpt-ad-Messinaoggi.it-DSK-300x250-corpoart\" style=\"text-align:center;margin:0 auto;\"><\/div><\/p>\n\n\n\n<p>Lo scrivono in una nota i comitati civici Partecipazione e Messina 3S.<div id=\"videoincontent\" style=\"clear:both\";><\/div><\/p>\n\n\n\n<p>Alla criticit\u00e0 strutturale del muro si sommano ulteriori fattori di rischio:<\/p>\n\n\n\n<ol type=\"a\"><li>il <strong>forte degrado del manto stradale<\/strong>;<\/li><li>la <strong>totale assenza di una corretta regimentazione delle acque meteoriche<\/strong>, che aggrava le condizioni di instabilit\u00e0 del versante;<\/li><li>l\u2019<strong>inefficacia dei lavori provvisionali di consolidamento<\/strong> eseguiti dall\u2019Amministrazione comunale circa due\/tre anni fa, rivelatisi <strong>insufficienti, temporanei e privi di una visione strutturale<\/strong>.<\/li><\/ol>\n\n\n\n<p>Una situazione che <strong>si protrae da troppo tempo<\/strong>, nel silenzio e nell\u2019abbandono, e che configura una <strong>chiara violazione del diritto alla sicurezza dei cittadini<\/strong>.<\/p>\n\n\n\n<p>Non \u00e8 accettabile che la risposta delle istituzioni si limiti alla semplice affissione di un cartello di \u201c<strong>Pericolo di frana<\/strong>\u201d, in una <strong>inaccettabile logica di scarico delle responsabilit\u00e0<\/strong>, che restano invece <strong>integralmente in capo all\u2019Amministrazione comunale e al Sindaco<\/strong>, quali soggetti responsabili della strada e della salvaguardia dell\u2019incolumit\u00e0 pubblica.<\/p>\n\n\n\n<p>Il <strong>Comitato Messina 3S<\/strong> e il <strong>Movimento Rinascita Messina<\/strong> dichiarano di seguire con la massima attenzione l\u2019evolversi della situazione e <strong>si riservano di attivare ogni iniziativa necessaria presso le sedi competenti<\/strong>, affinch\u00e9 vengano finalmente realizzati <strong>interventi strutturali seri, definitivi e non pi\u00f9 rinviabili<\/strong>, a tutela degli abitanti della zona.<\/p>\n","protected":false},"excerpt":{"rendered":"<p>&#8220;Contrada Casicelle (Larderia Inferiore). Ancora oggi, nel territorio comunale di Messina, si \u00e8 costretti ad assistere a scene indegne di un Paese civile.Un\u2019intera comunit\u00e0 che vive e lavora lungo la strada comunale di accesso alla contrada Casucelli \u00e8 quotidianamente esposta a un grave e concreto rischio per la pubblica incolumit\u00e0. Il muro di contenimento a [&hellip;]<\/p>\n","protected":false},"author":2,"featured_media":257439,"comment_status":"open","ping_status":"open","sticky":false,"template":"","format":"standard","meta":{"ub_ctt_via":"","_mi_skip_tracking":false},"categories":[5],"tags":[577,12481,3375,12480,6224],"featured_image_src":"https:\/\/www.messinaoggi.it\/website\/wp-content\/uploads\/2025\/12\/FB_IMG_1766247155189.jpg","author_info":{"display_name":"Redazione","author_link":"https:\/\/www.messinaoggi.it\/website\/author\/redazione\/"},"digistream_id":0,"digistream":false,"_links":{"self":[{"href":"https:\/\/www.messinaoggi.it\/website\/wp-json\/wp\/v2\/posts\/258936"}],"collection":[{"href":"https:\/\/www.messinaoggi.it\/website\/wp-json\/wp\/v2\/posts"}],"about":[{"href":"https:\/\/www.messinaoggi.it\/website\/wp-json\/wp\/v2\/types\/post"}],"author":[{"embeddable":true,"href":"https:\/\/www.messinaoggi.it\/website\/wp-json\/wp\/v2\/users\/2"}],"replies":[{"embeddable":true,"href":"https:\/\/www.messinaoggi.it\/website\/wp-json\/wp\/v2\/comments?post=258936"}],"version-history":[{"count":1,"href":"https:\/\/www.messinaoggi.it\/website\/wp-json\/wp\/v2\/posts\/258936\/revisions"}],"predecessor-version":[{"id":258937,"href":"https:\/\/www.messinaoggi.it\/website\/wp-json\/wp\/v2\/posts\/258936\/revisions\/258937"}],"wp:featuredmedia":[{"embeddable":true,"href":"https:\/\/www.messinaoggi.it\/website\/wp-json\/wp\/v2\/media\/257439"}],"wp:attachment":[{"href":"https:\/\/www.messinaoggi.it\/website\/wp-json\/wp\/v2\/media?parent=258936"}],"wp:term":[{"taxonomy":"category","embeddable":true,"href":"https:\/\/www.messinaoggi.it\/website\/wp-json\/wp\/v2\/categories?post=258936"},{"taxonomy":"post_tag","embeddable":true,"href":"https:\/\/www.messinaoggi.it\/website\/wp-json\/wp\/v2\/tags?post=258936"}],"curies":[{"name":"wp","href":"https:\/\/api.w.org\/{rel}","templated":true}]}}