{"id":258886,"date":"2026-01-14T10:09:43","date_gmt":"2026-01-14T09:09:43","guid":{"rendered":"http:\/\/www.messinaoggi.it\/website\/?p=258886"},"modified":"2026-01-14T10:11:22","modified_gmt":"2026-01-14T09:11:22","slug":"donnavitaliberta-e-udu-in-piazza-per-la-questione-iraniana","status":"publish","type":"post","link":"https:\/\/www.messinaoggi.it\/website\/2026\/01\/14\/donnavitaliberta-e-udu-in-piazza-per-la-questione-iraniana\/","title":{"rendered":"Donnavitalibert\u00e0 e UDU in piazza per la questione iraniana"},"content":{"rendered":"\n<p>&#8220;Il comitato Donnavitalibert\u00e0 e l\u2019associazione studentesca UDU Messina esprimono la loro presa di posizione per quanto riguarda la manifestazione sulla questione iraniana&#8221;<div id=\"div-gpt-ad-Messinaoggi.it-DSK-300x250-corpoart\" style=\"text-align:center;margin:0 auto;\"><\/div><\/p>\n\n\n\n<p>Lo scrivono in una nota stampa le associazioni e che aggiungono;&#8221;Tutto ci\u00f2 che \u00e8 stato fatto \u00e8 un\u2019azione unicamente a sostegno della popolazione iraniana, oppressa da anni da un regime liberticida che ha privato cittadini e studenti dei principali diritti fondamentali quali libert\u00e0 di espressione e di libero pensiero, diritti delle donne e diritti della comunit\u00e0 queer. Auspichiamo che l&#8217;attuale complesso quadro politico internazionale possa contribuire a trovare una risposta democratica, rispettosa della legalit\u00e0 internazionale e dell&#8217;autodeterminazione del popolo iraniano in tutte le sue componenti, alla domanda di libert\u00e0 e diritti che oggi anima la protesta dei cittadini e delle cittadine iraniane.Crediamo fermamente nell\u2019autodeterminazione dei popoli e sosteniamo che questo principio debba essere applicato senza ingerenze esterne che agiscano fuori dalla legalit\u00e0 internazionale&#8221;.<div id=\"videoincontent\" style=\"clear:both\";><\/div><\/p>\n","protected":false},"excerpt":{"rendered":"<p>&#8220;Il comitato Donnavitalibert\u00e0 e l\u2019associazione studentesca UDU Messina esprimono la loro presa di posizione per quanto riguarda la manifestazione sulla questione iraniana&#8221; Lo scrivono in una nota stampa le associazioni e che aggiungono;&#8221;Tutto ci\u00f2 che \u00e8 stato fatto \u00e8 un\u2019azione unicamente a sostegno della popolazione iraniana, oppressa da anni da un regime liberticida che ha [&hellip;]<\/p>\n","protected":false},"author":2,"featured_media":258887,"comment_status":"open","ping_status":"open","sticky":false,"template":"","format":"standard","meta":{"ub_ctt_via":"","_mi_skip_tracking":false},"categories":[5],"tags":[12476,12475,6331],"featured_image_src":"https:\/\/www.messinaoggi.it\/website\/wp-content\/uploads\/2026\/01\/manif-13.01.jpeg","author_info":{"display_name":"Redazione","author_link":"https:\/\/www.messinaoggi.it\/website\/author\/redazione\/"},"digistream_id":0,"digistream":false,"_links":{"self":[{"href":"https:\/\/www.messinaoggi.it\/website\/wp-json\/wp\/v2\/posts\/258886"}],"collection":[{"href":"https:\/\/www.messinaoggi.it\/website\/wp-json\/wp\/v2\/posts"}],"about":[{"href":"https:\/\/www.messinaoggi.it\/website\/wp-json\/wp\/v2\/types\/post"}],"author":[{"embeddable":true,"href":"https:\/\/www.messinaoggi.it\/website\/wp-json\/wp\/v2\/users\/2"}],"replies":[{"embeddable":true,"href":"https:\/\/www.messinaoggi.it\/website\/wp-json\/wp\/v2\/comments?post=258886"}],"version-history":[{"count":2,"href":"https:\/\/www.messinaoggi.it\/website\/wp-json\/wp\/v2\/posts\/258886\/revisions"}],"predecessor-version":[{"id":258889,"href":"https:\/\/www.messinaoggi.it\/website\/wp-json\/wp\/v2\/posts\/258886\/revisions\/258889"}],"wp:featuredmedia":[{"embeddable":true,"href":"https:\/\/www.messinaoggi.it\/website\/wp-json\/wp\/v2\/media\/258887"}],"wp:attachment":[{"href":"https:\/\/www.messinaoggi.it\/website\/wp-json\/wp\/v2\/media?parent=258886"}],"wp:term":[{"taxonomy":"category","embeddable":true,"href":"https:\/\/www.messinaoggi.it\/website\/wp-json\/wp\/v2\/categories?post=258886"},{"taxonomy":"post_tag","embeddable":true,"href":"https:\/\/www.messinaoggi.it\/website\/wp-json\/wp\/v2\/tags?post=258886"}],"curies":[{"name":"wp","href":"https:\/\/api.w.org\/{rel}","templated":true}]}}