{"id":258883,"date":"2026-01-14T10:06:22","date_gmt":"2026-01-14T09:06:22","guid":{"rendered":"http:\/\/www.messinaoggi.it\/website\/?p=258883"},"modified":"2026-01-14T10:06:24","modified_gmt":"2026-01-14T09:06:24","slug":"tripodi-e-andronico-no-a-nuova-macelleria-sociale","status":"publish","type":"post","link":"https:\/\/www.messinaoggi.it\/website\/2026\/01\/14\/tripodi-e-andronico-no-a-nuova-macelleria-sociale\/","title":{"rendered":"Tripodi e Andronico: &#8220;No a nuova macelleria sociale&#8221;"},"content":{"rendered":"\n<p>S\u00ec \u00e8 svolto il partecipato e riuscitissimo sit-in dei lavoratori dei servizi sociali della Citt\u00e0 Metropolitana promosso dalla Uil e dalla Uil Fpl, tenutosi presso Palazzo dei Leoni, in concomitanza con la seduta del Consiglio metropolitano.<br>Dopo momenti di forte tensione causati da un iniziale diniego del sindaco Basile a volere incontrare i lavoratori, il clima si \u00e8 rasserenato a seguito del cambio di atteggiamento del sindaco che, anche grazie alla fattiva azione svolta dalla Digos, che ringraziamo pubblicamente, ha deciso di confrontarsi con una delegazione di lavoratori guidata dai vertici della Uil e della Uil Fpl Ivan Tripodi e Livio Andronico.<br>\u201cAbbiamo portato all\u2019attenzione del sindaco Basile la pesantissima problematica che riguarda circa 800 lavoratori impegnati nelle attivit\u00e0 di trasporto, igienico-sanitario ed Asacom per conto della Citt\u00e0 Metropolitana. L\u2019ipotesi di costituzione della nuova azienda speciale \u201cServizi Sociali Peloritani\u201d non pu\u00f2 tramutarsi in una macelleria sociale ed \u00e8 indispensabile garantire, al netto di qualsiasi operazione politico-amministrativa, la piena occupazione di tutti i lavoratori, nessuno escluso, impegnati nei servizi sociali. Il sindaco Basile ha preso atto delle richieste della Uil e, anche grazie alla nostra mobilitazione, ha convocato una riunione che si terr\u00e0 luned\u00ec 19 gennaio alle ore 15 presso la Citt\u00e0 metropolitana. Prendiamo atto delle oggettive aperture e della disponibilit\u00e0 del sindaco Basile, ma in ogni caso non allentiamo lo stato di agitazione. Infatti, in occasione dell\u2019incontro del prossimo 19 gennaio abbiamo indetto una nuova manifestaIone che si terr\u00e0 a Palazzo dei Leoni per evidenziare l\u2019assoluta necessit\u00e0 di salvaguardare tutti i posti di lavoro. Auspichiamo, pertanto, che si raggiunga l\u2019obiettivo finale attraverso parole chiare e precisi atti amministrativi da parte del sindaco Basile\u201d.<div id=\"div-gpt-ad-Messinaoggi.it-DSK-300x250-corpoart\" style=\"text-align:center;margin:0 auto;\"><\/div><\/p>\n\n\n\n<p>Lo hanno dichiarato Ivan Tripodi, segretario generale della Uil Messina, e Livio Andronico, segretario generale della Uil FPL Messina.<div id=\"videoincontent\" style=\"clear:both\";><\/div><\/p>\n","protected":false},"excerpt":{"rendered":"<p>S\u00ec \u00e8 svolto il partecipato e riuscitissimo sit-in dei lavoratori dei servizi sociali della Citt\u00e0 Metropolitana promosso dalla Uil e dalla Uil Fpl, tenutosi presso Palazzo dei Leoni, in concomitanza con la seduta del Consiglio metropolitano.Dopo momenti di forte tensione causati da un iniziale diniego del sindaco Basile a volere incontrare i lavoratori, il clima [&hellip;]<\/p>\n","protected":false},"author":2,"featured_media":258884,"comment_status":"open","ping_status":"open","sticky":false,"template":"","format":"standard","meta":{"ub_ctt_via":"","_mi_skip_tracking":false},"categories":[6],"tags":[954,2462,1772,12352],"featured_image_src":"https:\/\/www.messinaoggi.it\/website\/wp-content\/uploads\/2026\/01\/75faccbb-af54-4942-b2c0-20aa896e3f54.jpg","author_info":{"display_name":"Redazione","author_link":"https:\/\/www.messinaoggi.it\/website\/author\/redazione\/"},"digistream_id":0,"digistream":false,"_links":{"self":[{"href":"https:\/\/www.messinaoggi.it\/website\/wp-json\/wp\/v2\/posts\/258883"}],"collection":[{"href":"https:\/\/www.messinaoggi.it\/website\/wp-json\/wp\/v2\/posts"}],"about":[{"href":"https:\/\/www.messinaoggi.it\/website\/wp-json\/wp\/v2\/types\/post"}],"author":[{"embeddable":true,"href":"https:\/\/www.messinaoggi.it\/website\/wp-json\/wp\/v2\/users\/2"}],"replies":[{"embeddable":true,"href":"https:\/\/www.messinaoggi.it\/website\/wp-json\/wp\/v2\/comments?post=258883"}],"version-history":[{"count":1,"href":"https:\/\/www.messinaoggi.it\/website\/wp-json\/wp\/v2\/posts\/258883\/revisions"}],"predecessor-version":[{"id":258885,"href":"https:\/\/www.messinaoggi.it\/website\/wp-json\/wp\/v2\/posts\/258883\/revisions\/258885"}],"wp:featuredmedia":[{"embeddable":true,"href":"https:\/\/www.messinaoggi.it\/website\/wp-json\/wp\/v2\/media\/258884"}],"wp:attachment":[{"href":"https:\/\/www.messinaoggi.it\/website\/wp-json\/wp\/v2\/media?parent=258883"}],"wp:term":[{"taxonomy":"category","embeddable":true,"href":"https:\/\/www.messinaoggi.it\/website\/wp-json\/wp\/v2\/categories?post=258883"},{"taxonomy":"post_tag","embeddable":true,"href":"https:\/\/www.messinaoggi.it\/website\/wp-json\/wp\/v2\/tags?post=258883"}],"curies":[{"name":"wp","href":"https:\/\/api.w.org\/{rel}","templated":true}]}}