{"id":258853,"date":"2026-01-13T19:08:00","date_gmt":"2026-01-13T18:08:00","guid":{"rendered":"http:\/\/www.messinaoggi.it\/website\/?p=258853"},"modified":"2026-01-13T19:33:10","modified_gmt":"2026-01-13T18:33:10","slug":"servizi-sociali-basile-apre-alle-uil-incontriamoci","status":"publish","type":"post","link":"https:\/\/www.messinaoggi.it\/website\/2026\/01\/13\/servizi-sociali-basile-apre-alle-uil-incontriamoci\/","title":{"rendered":"Servizi sociali, Basile apre alle Uil: &#8220;Incontriamoci&#8221;"},"content":{"rendered":"\n<p>Il sit-in di protesta inscenato questo pomeriggio da Uil e Uil-Fpl a Palazzo dei Leoni ha sortito i suoi effetti. Le organizzazioni sindacali guidate da Ivan Tripodi e Livio Andronico sono scese in piazza per scongiurare il taglio degli oltre 800 lavoratori dei Servizi sociali alla Citt\u00e0 Metropolitana con la costituzione della nuova azienda speciale &#8220;Peloritana Servizi sociali&#8221;.<div id=\"div-gpt-ad-Messinaoggi.it-DSK-300x250-corpoart\" style=\"text-align:center;margin:0 auto;\"><\/div><\/p>\n\n\n\n<p>I sindacati temono che il nuovo organismo che gestisce in <em>house <\/em>i servizi possa determinare il taglio dei lavoratori storici che sono assunti dalle Cooperative appaltatrici.<div id=\"videoincontent\" style=\"clear:both\";><\/div><\/p>\n\n\n\n<figure class=\"wp-block-image size-large\"><img loading=\"lazy\" width=\"1024\" height=\"768\" src=\"http:\/\/www.messinaoggi.it\/website\/wp-content\/uploads\/2026\/01\/IMG_1288-1024x768.jpg\" alt=\"\" class=\"wp-image-258855\" srcset=\"https:\/\/www.messinaoggi.it\/website\/wp-content\/uploads\/2026\/01\/IMG_1288-1024x768.jpg 1024w, https:\/\/www.messinaoggi.it\/website\/wp-content\/uploads\/2026\/01\/IMG_1288-300x225.jpg 300w, https:\/\/www.messinaoggi.it\/website\/wp-content\/uploads\/2026\/01\/IMG_1288-768x576.jpg 768w, https:\/\/www.messinaoggi.it\/website\/wp-content\/uploads\/2026\/01\/IMG_1288-1536x1152.jpg 1536w, https:\/\/www.messinaoggi.it\/website\/wp-content\/uploads\/2026\/01\/IMG_1288-2048x1536.jpg 2048w\" sizes=\"(max-width: 1024px) 100vw, 1024px\" \/><figcaption><strong>Il sit-in della Uil tenutosi oggi a Palazzo dei Leoni<\/strong><\/figcaption><\/figure>\n\n\n\n<p>Dopo alcuni momenti di tensione, sfociati con slogan scanditi contro il sindaco <strong>Federico Basile<\/strong>, ecco la sorpresa. Lo stesso sindaco, impegnato al Consiglio metropolitano, ha prima annunciato un incontro con tutti sindacati, programmato per luned\u00ec della prossima settimana e poi ha ricevuto una delegazione di manifestanti con in testa <strong>Tripodi <\/strong>e <strong>Andronico<\/strong>, presenti anche i componenti della segreteria come <strong>Maurizio Celona<\/strong>, <strong>Paolo Todaro<\/strong> e il dirigente regionale della Uil-Fpk <strong>Corrado Lamanna<\/strong>.<\/p>\n\n\n\n<p>&#8220;<em>Il problema non \u00e8 ancora risolto &#8211; affermano Tripodi e Andronico &#8211; ma gi\u00e0 \u00e8 un segnale di apertura del sindaco Basile il quale ha comunicato che incontrer\u00e0 i sindacati e soprattutto che valuter\u00e0 le soluzioni da adottare per l&#8217;adozione di clausole di salvaguardia per i lavoratori storici<\/em>&#8220;.<\/p>\n\n\n\n<p><\/p>\n","protected":false},"excerpt":{"rendered":"<p>Il sit-in di protesta inscenato questo pomeriggio da Uil e Uil-Fpl a Palazzo dei Leoni ha sortito i suoi effetti. Le organizzazioni sindacali guidate da Ivan Tripodi e Livio Andronico sono scese in piazza per scongiurare il taglio degli oltre 800 lavoratori dei Servizi sociali alla Citt\u00e0 Metropolitana con la costituzione della nuova azienda speciale [&hellip;]<\/p>\n","protected":false},"author":2,"featured_media":258854,"comment_status":"open","ping_status":"open","sticky":false,"template":"","format":"standard","meta":{"ub_ctt_via":"","_mi_skip_tracking":false},"categories":[19],"tags":[2462,12352,115],"featured_image_src":"https:\/\/www.messinaoggi.it\/website\/wp-content\/uploads\/2026\/01\/IMG_1281-scaled.jpg","author_info":{"display_name":"Redazione","author_link":"https:\/\/www.messinaoggi.it\/website\/author\/redazione\/"},"digistream_id":0,"digistream":false,"_links":{"self":[{"href":"https:\/\/www.messinaoggi.it\/website\/wp-json\/wp\/v2\/posts\/258853"}],"collection":[{"href":"https:\/\/www.messinaoggi.it\/website\/wp-json\/wp\/v2\/posts"}],"about":[{"href":"https:\/\/www.messinaoggi.it\/website\/wp-json\/wp\/v2\/types\/post"}],"author":[{"embeddable":true,"href":"https:\/\/www.messinaoggi.it\/website\/wp-json\/wp\/v2\/users\/2"}],"replies":[{"embeddable":true,"href":"https:\/\/www.messinaoggi.it\/website\/wp-json\/wp\/v2\/comments?post=258853"}],"version-history":[{"count":2,"href":"https:\/\/www.messinaoggi.it\/website\/wp-json\/wp\/v2\/posts\/258853\/revisions"}],"predecessor-version":[{"id":258872,"href":"https:\/\/www.messinaoggi.it\/website\/wp-json\/wp\/v2\/posts\/258853\/revisions\/258872"}],"wp:featuredmedia":[{"embeddable":true,"href":"https:\/\/www.messinaoggi.it\/website\/wp-json\/wp\/v2\/media\/258854"}],"wp:attachment":[{"href":"https:\/\/www.messinaoggi.it\/website\/wp-json\/wp\/v2\/media?parent=258853"}],"wp:term":[{"taxonomy":"category","embeddable":true,"href":"https:\/\/www.messinaoggi.it\/website\/wp-json\/wp\/v2\/categories?post=258853"},{"taxonomy":"post_tag","embeddable":true,"href":"https:\/\/www.messinaoggi.it\/website\/wp-json\/wp\/v2\/tags?post=258853"}],"curies":[{"name":"wp","href":"https:\/\/api.w.org\/{rel}","templated":true}]}}