{"id":2588,"date":"2017-06-09T19:33:22","date_gmt":"2017-06-09T17:33:22","guid":{"rendered":"http:\/\/www.messinaoggi.it\/website\/?p=2588"},"modified":"2017-06-09T19:33:22","modified_gmt":"2017-06-09T17:33:22","slug":"capitale-messina-si-alla-sdemanializzazione-delle-aree-cittadine","status":"publish","type":"post","link":"https:\/\/www.messinaoggi.it\/website\/2017\/06\/09\/capitale-messina-si-alla-sdemanializzazione-delle-aree-cittadine\/","title":{"rendered":"Capitale Messina: &quot;S\u00ec alla sdemanializzazione delle aree cittadine&quot;"},"content":{"rendered":"<p class=\"Corpo\"><span style=\"font-size: 12.0pt\">Capitale Messina scende in campo ed a firma\u00a0<\/span><span style=\"font-size: 12.0pt\">di Pino Falzea e Gianfranco Salmeri fa sentire la sua voce: &#8220;<\/span><span style=\"font-size: 12.0pt\">Volutamente non entriamo nel merito della polemica tra Amministrazione comunale ed Autorit\u00e0 Portuale sull&#8217;apertura estiva della cittadella fieristica, perch\u00e9 non ne conosciamo i termini nel dettaglio.\u00a0<\/span><span style=\"font-size: 12.0pt\">Per\u00f2 qualche riflessione intendiamo farla.<\/span><div id=\"div-gpt-ad-Messinaoggi.it-DSK-300x250-corpoart\" style=\"text-align:center;margin:0 auto;\"><\/div><\/p>\n<p class=\"Corpo\"><span style=\"font-size: 12.0pt\">\u00c8 indiscutibile che, allo stato attuale, l&#8217;area della Fiera, appartenendo al Demanio Marittimo, sia sotto la potest\u00e0 dell&#8217;Autorit\u00e0 portuale, e risulta velleitario un ulteriore contenzioso da parte dell&#8217;Amministrazione comunale per ridiscutere la questione.<\/span><div id=\"videoincontent\" style=\"clear:both\";><\/div><\/p>\n<p class=\"Corpo\"><span style=\"font-size: 12.0pt\">Ma \u00e8 altrettanto indiscutibile, e su questo concordiamo con il movimento &#8220;Cambiamo Messina dal Basso&#8221;, che non sia accettabile che dopo l&#8217;accorpamento della nostra Autorit\u00e0 Portuale con quella di Gioia Tauro, le sorti di alcune delle aree pi\u00f9 pregiate del nostro territorio siano decise nelle stanze dell&#8217;Authority calabrese. E non si tratta solo dell&#8217;area della cittadella fieristica, bens\u00ec della passeggiata a mare, della zona falcata, della via Vittorio Emanuele, il lungomare del Ringo, le zone del Baby Park e Villa Sabin. <\/span><span style=\"font-size: 12.0pt\">In nessuna altra citt\u00e0 al mondo si accetterebbe una tale situazione.<\/span><\/p>\n<p class=\"Corpo\"><span style=\"font-size: 12.0pt\">Come abbiamo detto pi\u00f9 volte, riteniamo indispensabile che prima che si verifichi il passaggio delle consegne tra Messina e Gioia Tauro, si debba avviare la richiesta di sdemanializzazione di tutte le aree del demanio marittimo non funzionali alle attivit\u00e0 portuali, per restituirle alla piena titolarit\u00e0 della citt\u00e0. Ma va fatto subito, senza perdere ulteriore tempo, per motivi politici e di opportunit\u00e0.<\/span><\/p>\n<p class=\"Corpo\"><span style=\"font-size: 12.0pt\">Non crediamo che nessuno, aldil\u00e0 delle diverse opinioni sull&#8217;accorpamento con Gioia Tauro che noi continuiamo a ritenere disastroso, possa non concordare con questa principio.<\/span><\/p>\n<p class=\"Corpo\"><span style=\"font-size: 12.0pt\">E se cos\u00ec \u00e8, ci aspettiamo che la classe politica messinese finalmente prenda l&#8217;iniziativa&#8221;.<\/span><\/p>\n<p class=\"Corpo\"><span style=\"font-size: 12.0pt\">\u00a0<\/span><\/p>\n","protected":false},"excerpt":{"rendered":"<p>Capitale Messina scende in campo ed a firma\u00a0di Pino Falzea e Gianfranco Salmeri fa sentire la sua voce: &#8220;Volutamente non entriamo nel merito della polemica tra Amministrazione comunale ed Autorit\u00e0 Portuale sull&#8217;apertura estiva della cittadella fieristica, perch\u00e9 non ne conosciamo i termini nel dettaglio.\u00a0Per\u00f2 qualche riflessione intendiamo farla. \u00c8 indiscutibile che, allo stato attuale, l&#8217;area [&hellip;]<\/p>\n","protected":false},"author":4,"featured_media":2257,"comment_status":"closed","ping_status":"open","sticky":false,"template":"","format":"standard","meta":{"ub_ctt_via":"","_mi_skip_tracking":false},"categories":[4],"tags":[],"featured_image_src":"https:\/\/www.messinaoggi.it\/website\/wp-content\/uploads\/2017\/06\/porto-e-nave-da-crociera-2.jpg","author_info":{"display_name":"redme","author_link":"https:\/\/www.messinaoggi.it\/website\/author\/redme\/"},"digistream_id":0,"digistream":false,"_links":{"self":[{"href":"https:\/\/www.messinaoggi.it\/website\/wp-json\/wp\/v2\/posts\/2588"}],"collection":[{"href":"https:\/\/www.messinaoggi.it\/website\/wp-json\/wp\/v2\/posts"}],"about":[{"href":"https:\/\/www.messinaoggi.it\/website\/wp-json\/wp\/v2\/types\/post"}],"author":[{"embeddable":true,"href":"https:\/\/www.messinaoggi.it\/website\/wp-json\/wp\/v2\/users\/4"}],"replies":[{"embeddable":true,"href":"https:\/\/www.messinaoggi.it\/website\/wp-json\/wp\/v2\/comments?post=2588"}],"version-history":[{"count":0,"href":"https:\/\/www.messinaoggi.it\/website\/wp-json\/wp\/v2\/posts\/2588\/revisions"}],"wp:featuredmedia":[{"embeddable":true,"href":"https:\/\/www.messinaoggi.it\/website\/wp-json\/wp\/v2\/media\/2257"}],"wp:attachment":[{"href":"https:\/\/www.messinaoggi.it\/website\/wp-json\/wp\/v2\/media?parent=2588"}],"wp:term":[{"taxonomy":"category","embeddable":true,"href":"https:\/\/www.messinaoggi.it\/website\/wp-json\/wp\/v2\/categories?post=2588"},{"taxonomy":"post_tag","embeddable":true,"href":"https:\/\/www.messinaoggi.it\/website\/wp-json\/wp\/v2\/tags?post=2588"}],"curies":[{"name":"wp","href":"https:\/\/api.w.org\/{rel}","templated":true}]}}