{"id":258779,"date":"2026-01-13T09:29:49","date_gmt":"2026-01-13T08:29:49","guid":{"rendered":"http:\/\/www.messinaoggi.it\/website\/?p=258779"},"modified":"2026-01-12T19:37:05","modified_gmt":"2026-01-12T18:37:05","slug":"galati-inghiottita-dal-mare-inerzia-dellamministrazione","status":"publish","type":"post","link":"https:\/\/www.messinaoggi.it\/website\/2026\/01\/13\/galati-inghiottita-dal-mare-inerzia-dellamministrazione\/","title":{"rendered":"Galati inghiottita dal mare, inerzia dell&#8217;amministrazione"},"content":{"rendered":"\n<p>Le immagini del centro cittadino &#8220;parato&#8221; a festa per Natale, si scontrano con le immagini del litorale di Galati Marina, inghiottito dal mare. Le fotografie sono state scattate da un nostro lettore e mostrano come i marosi abbiamo distrutto le recinzioni di alcuni condomini minacciando le stesse case dei cittadini.<div id=\"div-gpt-ad-Messinaoggi.it-DSK-300x250-corpoart\" style=\"text-align:center;margin:0 auto;\"><\/div><\/p>\n\n\n\n<figure class=\"wp-block-image size-large\"><img loading=\"lazy\" width=\"768\" height=\"1024\" src=\"http:\/\/www.messinaoggi.it\/website\/wp-content\/uploads\/2026\/01\/615738305_872147142472618_1826176155990530485_n-768x1024.jpg\" alt=\"\" class=\"wp-image-258781\" srcset=\"https:\/\/www.messinaoggi.it\/website\/wp-content\/uploads\/2026\/01\/615738305_872147142472618_1826176155990530485_n-768x1024.jpg 768w, https:\/\/www.messinaoggi.it\/website\/wp-content\/uploads\/2026\/01\/615738305_872147142472618_1826176155990530485_n-225x300.jpg 225w, https:\/\/www.messinaoggi.it\/website\/wp-content\/uploads\/2026\/01\/615738305_872147142472618_1826176155990530485_n-1152x1536.jpg 1152w, https:\/\/www.messinaoggi.it\/website\/wp-content\/uploads\/2026\/01\/615738305_872147142472618_1826176155990530485_n.jpg 1536w\" sizes=\"(max-width: 768px) 100vw, 768px\" \/><figcaption><strong>I danni causati dal mare a Galati Marina<\/strong><\/figcaption><\/figure>\n\n\n\n<p>Da anni di parla di questo problema, ma a parte sopralluoghi e proclami Palazzo Zanca non ha fatto nulla di concreto per mettere in sicurezza le abitazioni.<div id=\"videoincontent\" style=\"clear:both\";><\/div><\/p>\n\n\n\n<p>Questa \u00e8 l&#8217;ennesima dimostrazione di come siano state abbandonate le zone periferiche da un&#8217;amministrazione che ha evidentemente altre priorit\u00e0, come infarcire di piste ciclabili il centro, realizzare parcheggi di interscambio di dubbia utilit\u00e0 e soprattutto spendere &#8220;vagonate&#8221; di soldi per abbellire il centro cittadino in occasione delle festivit\u00e0.<\/p>\n\n\n\n<p>Il resto passa in secondo piano. Eppure i soldi del PNRR ci sarebbero, ma mancano i progetti. E i cittadini ormai non hanno manco pi\u00f9 la forza di lamentarsi, abbandonati a se stessi e al mare che intanto inghiotte i loro manufatti.<\/p>\n","protected":false},"excerpt":{"rendered":"<p>Le immagini del centro cittadino &#8220;parato&#8221; a festa per Natale, si scontrano con le immagini del litorale di Galati Marina, inghiottito dal mare. Le fotografie sono state scattate da un nostro lettore e mostrano come i marosi abbiamo distrutto le recinzioni di alcuni condomini minacciando le stesse case dei cittadini. Da anni di parla di [&hellip;]<\/p>\n","protected":false},"author":2,"featured_media":258780,"comment_status":"open","ping_status":"open","sticky":false,"template":"","format":"standard","meta":{"ub_ctt_via":"","_mi_skip_tracking":false},"categories":[6],"tags":[751,12456,2820,602],"featured_image_src":"https:\/\/www.messinaoggi.it\/website\/wp-content\/uploads\/2026\/01\/615398499_872147219139277_8644948587823514598_n.jpg","author_info":{"display_name":"Redazione","author_link":"https:\/\/www.messinaoggi.it\/website\/author\/redazione\/"},"digistream_id":0,"digistream":false,"_links":{"self":[{"href":"https:\/\/www.messinaoggi.it\/website\/wp-json\/wp\/v2\/posts\/258779"}],"collection":[{"href":"https:\/\/www.messinaoggi.it\/website\/wp-json\/wp\/v2\/posts"}],"about":[{"href":"https:\/\/www.messinaoggi.it\/website\/wp-json\/wp\/v2\/types\/post"}],"author":[{"embeddable":true,"href":"https:\/\/www.messinaoggi.it\/website\/wp-json\/wp\/v2\/users\/2"}],"replies":[{"embeddable":true,"href":"https:\/\/www.messinaoggi.it\/website\/wp-json\/wp\/v2\/comments?post=258779"}],"version-history":[{"count":1,"href":"https:\/\/www.messinaoggi.it\/website\/wp-json\/wp\/v2\/posts\/258779\/revisions"}],"predecessor-version":[{"id":258782,"href":"https:\/\/www.messinaoggi.it\/website\/wp-json\/wp\/v2\/posts\/258779\/revisions\/258782"}],"wp:featuredmedia":[{"embeddable":true,"href":"https:\/\/www.messinaoggi.it\/website\/wp-json\/wp\/v2\/media\/258780"}],"wp:attachment":[{"href":"https:\/\/www.messinaoggi.it\/website\/wp-json\/wp\/v2\/media?parent=258779"}],"wp:term":[{"taxonomy":"category","embeddable":true,"href":"https:\/\/www.messinaoggi.it\/website\/wp-json\/wp\/v2\/categories?post=258779"},{"taxonomy":"post_tag","embeddable":true,"href":"https:\/\/www.messinaoggi.it\/website\/wp-json\/wp\/v2\/tags?post=258779"}],"curies":[{"name":"wp","href":"https:\/\/api.w.org\/{rel}","templated":true}]}}