{"id":258768,"date":"2026-01-13T08:11:55","date_gmt":"2026-01-13T07:11:55","guid":{"rendered":"http:\/\/www.messinaoggi.it\/website\/?p=258768"},"modified":"2026-01-12T19:13:29","modified_gmt":"2026-01-12T18:13:29","slug":"lavori-divieti-in-via-s-giovanni-di-malta","status":"publish","type":"post","link":"https:\/\/www.messinaoggi.it\/website\/2026\/01\/13\/lavori-divieti-in-via-s-giovanni-di-malta\/","title":{"rendered":"Lavori, divieti in via S. Giovanni di Malta"},"content":{"rendered":"\n<p>Lavori di segnaletica stradale relativi alla realizzazione degli stalli di sosta riservati: i provvedimenti viabili in un tratto di via San Giovanni di Malta.<div id=\"div-gpt-ad-Messinaoggi.it-DSK-300x250-corpoart\" style=\"text-align:center;margin:0 auto;\"><\/div><\/p>\n\n\n\n<p>Per consentire i lavori di segnaletica stradale relativi alla realizzazione degli stalli di sosta riservati alle autovetture dei carabinieri ed alla razionalizzazione degli stalli per la sosta pubblica, sono previsti provvedimenti viari in entrambi i lati di via San Giovanni di Malta, nel tratto compreso tra le vie Elenuccia e Gagini. Pertanto oggi, luned\u00ec 12, domani, marted\u00ec 13, e mercoled\u00ec 14 gennaio, dalle ore 7 sino alle 18, viger\u00e0 nel predetto tratto il divieto di sosta, con zona rimozione coatta.<div id=\"videoincontent\" style=\"clear:both\";><\/div><\/p>\n\n\n\n<p><strong>Riqualificazione del villaggio di Torre Faro: i provvedimenti viari da oggi sino al 3\/4\/2026.<\/strong><\/p>\n\n\n\n<p>Nell\u2019ambito dei lavori \u201cPn Metro Plus e citt\u00e0 medie sud 2021-2027 Messina citt\u00e0 accessibile ed inclusiva 2 \u2013 ME 7.5.1.1.B1 \u2013 Riqualificazione del villaggio di Torre Faro \u2013 Intervento 1\u201d, (fase II) in via Cariddi (ex via Nuova), nel tratto compreso tra le vie Mangraviti e Palazzo, sono previsti provvedimenti viabili da oggi, luned\u00ec 12, al 3\/4\/2026. Pertanto nel predetto arco temporale sono istituiti i divieti di sosta, 0-24, con zona rimozione coatta, entrambi i lati e di transito veicolare in via Cariddi (ex via Nuova), nel tratto compreso tra le vie Mangraviti e Palazzo, garantendo, in sicurezza, il transito pedonale su idonei percorsi segnalati e protetti e la fruibilit\u00e0 di tutti accessi laterali; collocare idonea segnaletica stradale verticale di preavviso di strada chiusa al transito veicolare (con indicazione della distanza) in via Cariddi (ex via Nuova) in corrispondenza dell\u2019intersezione con via Circuito; il divieto di sosta, 0-24, con zona rimozione coatta, entrambi i lati in via Palazzo, nel tratto compreso tra le vie Cariddi (ex via Nuova) e Santa Domenica; il divieto di transito veicolare nella parte di carreggiata lato mare di via Palazzo, nel tratto compreso tra le vie Cariddi (ex via Nuova) e Santa Domenica; ripristinare la segnaletica stradale orizzontale e verticale dell\u2019esistente spazio sosta riservato per le operazioni di carico\/scarico merci sito sul lato nord di via Cariddi (ex via Nuova), a monte dell\u2019intersezione con via Mangraviti.<\/p>\n","protected":false},"excerpt":{"rendered":"<p>Lavori di segnaletica stradale relativi alla realizzazione degli stalli di sosta riservati: i provvedimenti viabili in un tratto di via San Giovanni di Malta. Per consentire i lavori di segnaletica stradale relativi alla realizzazione degli stalli di sosta riservati alle autovetture dei carabinieri ed alla razionalizzazione degli stalli per la sosta pubblica, sono previsti provvedimenti [&hellip;]<\/p>\n","protected":false},"author":2,"featured_media":246662,"comment_status":"open","ping_status":"open","sticky":false,"template":"","format":"standard","meta":{"ub_ctt_via":"","_mi_skip_tracking":false},"categories":[5],"tags":[8209,12450,12451],"featured_image_src":"https:\/\/www.messinaoggi.it\/website\/wp-content\/uploads\/2025\/07\/viabilita-1.jpg","author_info":{"display_name":"Redazione","author_link":"https:\/\/www.messinaoggi.it\/website\/author\/redazione\/"},"digistream_id":0,"digistream":false,"_links":{"self":[{"href":"https:\/\/www.messinaoggi.it\/website\/wp-json\/wp\/v2\/posts\/258768"}],"collection":[{"href":"https:\/\/www.messinaoggi.it\/website\/wp-json\/wp\/v2\/posts"}],"about":[{"href":"https:\/\/www.messinaoggi.it\/website\/wp-json\/wp\/v2\/types\/post"}],"author":[{"embeddable":true,"href":"https:\/\/www.messinaoggi.it\/website\/wp-json\/wp\/v2\/users\/2"}],"replies":[{"embeddable":true,"href":"https:\/\/www.messinaoggi.it\/website\/wp-json\/wp\/v2\/comments?post=258768"}],"version-history":[{"count":1,"href":"https:\/\/www.messinaoggi.it\/website\/wp-json\/wp\/v2\/posts\/258768\/revisions"}],"predecessor-version":[{"id":258769,"href":"https:\/\/www.messinaoggi.it\/website\/wp-json\/wp\/v2\/posts\/258768\/revisions\/258769"}],"wp:featuredmedia":[{"embeddable":true,"href":"https:\/\/www.messinaoggi.it\/website\/wp-json\/wp\/v2\/media\/246662"}],"wp:attachment":[{"href":"https:\/\/www.messinaoggi.it\/website\/wp-json\/wp\/v2\/media?parent=258768"}],"wp:term":[{"taxonomy":"category","embeddable":true,"href":"https:\/\/www.messinaoggi.it\/website\/wp-json\/wp\/v2\/categories?post=258768"},{"taxonomy":"post_tag","embeddable":true,"href":"https:\/\/www.messinaoggi.it\/website\/wp-json\/wp\/v2\/tags?post=258768"}],"curies":[{"name":"wp","href":"https:\/\/api.w.org\/{rel}","templated":true}]}}