{"id":258761,"date":"2026-01-12T19:06:45","date_gmt":"2026-01-12T18:06:45","guid":{"rendered":"https:\/\/www.messinaoggi.it\/website\/2026\/01\/12\/scichilone-alla-guida-pneumologia-italiana-prevenzione-e-innovazione-al-centro\/"},"modified":"2026-01-12T19:06:45","modified_gmt":"2026-01-12T18:06:45","slug":"scichilone-alla-guida-pneumologia-italiana-prevenzione-e-innovazione-al-centro","status":"publish","type":"post","link":"https:\/\/www.messinaoggi.it\/website\/2026\/01\/12\/scichilone-alla-guida-pneumologia-italiana-prevenzione-e-innovazione-al-centro\/","title":{"rendered":"Scichilone alla guida pneumologia italiana \u201cPrevenzione e innovazione al centro\u201d"},"content":{"rendered":"<div>PALERMO (ITALPRESS) &#8211; Costruire una pneumologia moderna, pronta ad adattarsi alle esigenze sempre pi\u00f9 complesse della popolazione. Questo l&#8217;obiettivo che si prefigge Nicola Scichilone, direttore dell&#8217;Unit\u00e0 Operativa Complessa di Pneumologia del Policlinico di Palermo e direttore della Scuola di Specializzazione in Malattie dell&#8217;Apparato Respiratorio dell&#8217;Universit\u00e0 degli Studi di Palermo, recentemente eletto nuovo presidente della Societ\u00e0 Italiana di Pneumologia, incarico che entrer\u00e0 ufficialmente in vigore dal 2027. Una nomina che, come sottolinea lo stesso Scichilone, rappresenta al tempo stesso un riconoscimento e una responsabilit\u00e0. &#8220;E&#8217; una nomina che naturalmente fa piacere, ma che comporta anche un forte senso di responsabilit\u00e0 &#8211; ha raccontato Scichilone ai microfoni dell&#8217;Italpress -. E&#8217; una sfida che si accetta con consapevolezza. La nostra \u00e8 quella di costruire una pneumologia moderna, capace di rispondere alle esigenze in continua evoluzione della popolazione, dalla prevenzione alla presa in carico dei pazienti con patologie respiratorie croniche, fino alle sfide legate alle emergenze di tipo epidemico&#8221;.<br \/>Nel delineare lo scenario attuale della disciplina, Scichilone richiama l&#8217;impatto dell&#8217;invecchiamento della popolazione e il conseguente aumento delle patologie croniche: &#8220;L&#8217;aspettativa di vita \u00e8 aumentata e questo significa che molte persone convivono pi\u00f9 a lungo con malattie croniche, comprese quelle respiratorie, che incidono fortemente sulla qualit\u00e0 della vita. Oggi, fortunatamente, disponiamo di farmaci in grado non sempre di guarire, ma certamente di rallentare l&#8217;evoluzione di patologie come le fibrosi polmonari o le malattie ostruttive croniche dei bronchi&#8221;. <br \/>Parallelamente, anche le tecnologie stanno trasformando il modo di curare: &#8220;Alcune aree della pneumologia, come quella interventistica o il supporto ventilatorio non invasivo, hanno conosciuto un notevole sviluppo grazie all&#8217;innovazione tecnologica, e noi dobbiamo essere pronti a integrare pienamente questa nuova realt\u00e0&#8221;.<br \/>Sul fronte delle emergenze, l&#8217;attenzione resta alta soprattutto nei mesi invernali: &#8220;Come ogni inverno affrontiamo le complicanze respiratorie dell&#8217;influenza: polmoniti e insufficienze respiratorie legate all&#8217;epidemia influenzale &#8211; ha sottolineato Scichilone -. E&#8217; fondamentale arrivare preparati, attraverso un&#8217;ampia campagna vaccinale nei mesi che precedono l&#8217;inverno. Questo va ribadito con forza, perch\u00e8 c&#8217;\u00e8 sempre margine per migliorare la prevenzione&#8221;. A questo, aggiunge, deve affiancarsi una sanit\u00e0 organizzata e resiliente. &#8220;Il sistema sanitario deve farsi trovare pronto nei momenti di picco, sia sul piano dell&#8217;accoglienza ospedaliera sia nella gestione delle complicanze respiratorie&#8221;.<br \/>Il messaggio ai cittadini \u00e8 chiaro e pragmatico: &#8220;Ribadisco la sensibilizzazione alla vaccinazione, che \u00e8 sempre utile, soprattutto quando diffusa su larga scala, perch\u00e8 permette di ridurre la trasmissione dei virus. A questo si aggiungono le corrette norme comportamentali e, soprattutto, la tempestivit\u00e0: quando compaiono i sintomi di una possibile complicanza respiratoria \u00e8 fondamentale rivolgersi al proprio medico o allo specialista, perch\u00e8 questo pu\u00f2 prevenire l&#8217;evoluzione verso forme pi\u00f9 gravi, come l&#8217;insufficienza respiratoria&#8221;, ha concluso Scichilone.<br \/>-foto Italpress &#8211;<br \/> (ITALPRESS).<\/div>\n<div id=\"div-gpt-ad-Messinaoggi.it-DSK-300x250-corpoart\" style=\"text-align:center;margin:0 auto;\"><\/div><\/p><div id=\"videoincontent\" style=\"clear:both\";><\/div>","protected":false},"excerpt":{"rendered":"<p>PALERMO (ITALPRESS) &#8211; Costruire una pneumologia moderna, pronta ad adattarsi alle esigenze sempre pi\u00f9 complesse della popolazione. Questo l&#8217;obiettivo che si prefigge Nicola Scichilone, direttore dell&#8217;Unit\u00e0 Operativa Complessa di Pneumologia del Policlinico di Palermo e direttore della Scuola di Specializzazione in Malattie dell&#8217;Apparato Respiratorio dell&#8217;Universit\u00e0 degli Studi di Palermo, recentemente eletto nuovo presidente della Societ\u00e0 [&hellip;]<\/p>\n","protected":false},"author":18,"featured_media":258762,"comment_status":"closed","ping_status":"closed","sticky":false,"template":"","format":"standard","meta":{"ub_ctt_via":"","_mi_skip_tracking":false},"categories":[446],"tags":[783],"featured_image_src":"https:\/\/www.messinaoggi.it\/website\/wp-content\/uploads\/2026\/01\/20260112_2099.jpg","author_info":{"display_name":"Admin","author_link":"https:\/\/www.messinaoggi.it\/website\/author\/admin\/"},"digistream_id":0,"digistream":false,"_links":{"self":[{"href":"https:\/\/www.messinaoggi.it\/website\/wp-json\/wp\/v2\/posts\/258761"}],"collection":[{"href":"https:\/\/www.messinaoggi.it\/website\/wp-json\/wp\/v2\/posts"}],"about":[{"href":"https:\/\/www.messinaoggi.it\/website\/wp-json\/wp\/v2\/types\/post"}],"author":[{"embeddable":true,"href":"https:\/\/www.messinaoggi.it\/website\/wp-json\/wp\/v2\/users\/18"}],"replies":[{"embeddable":true,"href":"https:\/\/www.messinaoggi.it\/website\/wp-json\/wp\/v2\/comments?post=258761"}],"version-history":[{"count":0,"href":"https:\/\/www.messinaoggi.it\/website\/wp-json\/wp\/v2\/posts\/258761\/revisions"}],"wp:featuredmedia":[{"embeddable":true,"href":"https:\/\/www.messinaoggi.it\/website\/wp-json\/wp\/v2\/media\/258762"}],"wp:attachment":[{"href":"https:\/\/www.messinaoggi.it\/website\/wp-json\/wp\/v2\/media?parent=258761"}],"wp:term":[{"taxonomy":"category","embeddable":true,"href":"https:\/\/www.messinaoggi.it\/website\/wp-json\/wp\/v2\/categories?post=258761"},{"taxonomy":"post_tag","embeddable":true,"href":"https:\/\/www.messinaoggi.it\/website\/wp-json\/wp\/v2\/tags?post=258761"}],"curies":[{"name":"wp","href":"https:\/\/api.w.org\/{rel}","templated":true}]}}