{"id":258739,"date":"2026-01-12T16:04:42","date_gmt":"2026-01-12T15:04:42","guid":{"rendered":"http:\/\/www.messinaoggi.it\/website\/?p=258739"},"modified":"2026-01-12T16:04:44","modified_gmt":"2026-01-12T15:04:44","slug":"celebrata-anche-a-messina-la-giornata-del-tricolore","status":"publish","type":"post","link":"https:\/\/www.messinaoggi.it\/website\/2026\/01\/12\/celebrata-anche-a-messina-la-giornata-del-tricolore\/","title":{"rendered":"Celebrata anche a Messina la giornata del &#8220;Tricolore&#8221;"},"content":{"rendered":"\n<p>Si \u00e8 celebrata oggi a Messina la <strong>Giornata nazionale del Tricolore<\/strong>, promossa dal Comune di Messina di concerto con la Prefettura, d\u2019intesa con le Associazioni degli Insigniti dell\u2019Ordine al Merito della Repubblica Italiana e in collaborazione con la Brigata Meccanizzata \u201cAosta\u201d.<div id=\"div-gpt-ad-Messinaoggi.it-DSK-300x250-corpoart\" style=\"text-align:center;margin:0 auto;\"><\/div><\/p>\n\n\n\n<p>La cerimonia ha avuto inizio in Piazza Unione Europea con il momento solenne dell\u2019Alza Bandiera, preceduto dai tre squilli d\u2019attenti di tromba e accompagnato dall\u2019esecuzione dell\u2019Inno Nazionale, magistralmente eseguito dalla Banda musicale della Brigata Meccanizzata \u201cAosta\u201d, diretta dal 1<strong>\u00b0 <\/strong>Luogotenente Fedele De Caro.<div id=\"videoincontent\" style=\"clear:both\";><\/div><\/p>\n\n\n\n<p>L\u2019evento, coordinato dall\u2019Assessore alla Cultura Enzo Caruso, \u00e8 proseguito nel Salone delle Bandiere di Palazzo Zanca con i saluti istituzionali del Sindaco Federico Basile, della Prefetta Cosima Di Stani e del Dirigente dell\u2019Ufficio Scolastico Provinciale Leon Zingales. Presente, tra gli altri, il Vicesindaco Salvatore Mondello, con delega ai rapporti con le Forze Armate.<\/p>\n\n\n\n<p>All\u2019iniziativa hanno preso parte le associazioni presenti sul territorio: la U.I.R. \u2013 Unione Insigniti della Repubblica, rappresentata dal consigliere di presidenza Cav. Pietro Bongiovanni; l\u2019A.N.I.O.M.R.I.D. (Associazione Nazionale Insigniti dell\u2019Ordine al Merito della Repubblica Italiana e Decorati), presieduta dal Colonnello Medico Ufficiale OMRI Francesco Salvatore Frazzetta; la Federazione del Nastro Azzurro, presieduta da Biagio Ricciardi, e autorit\u00e0 civili e militari.  Protagonisti attivi della giornata anche le studentesse e gli studenti degli istituti scolastici cittadini, accompagnati dal personale docente.<\/p>\n\n\n\n<p>I lavori, moderati dall\u2019Ufficiale OMRI Silvana Paratore, si sono aperti con la lettura della Dichiarazione del Presidente della Repubblica Sergio Mattarella del 7 gennaio scorso. Nel suo intervento, la Prefetta Di Stani ha sottolineato come il Tricolore e l\u2019Inno Nazionale non siano soltanto simboli delle cerimonie ufficiali, ma espressione viva di unit\u00e0, libert\u00e0 e responsabilit\u00e0, richiamando l\u2019importanza di far conoscere agli studenti la storia dell\u2019Inno di Mameli e il significato profondo della bandiera.<\/p>\n\n\n\n<p>Il Sindaco Basile ha evidenziato la necessit\u00e0 di non perdere le radici storiche di chi ha contribuito alla costruzione dell\u2019Unit\u00e0 d\u2019Italia, sottolineando come la Giornata del Tricolore rappresenti un momento di riflessione e di identit\u00e0 nazionale, simbolo dei valori di libert\u00e0, unit\u00e0 e coesione che la bandiera incarna. <\/p>\n\n\n\n<p>ll Dirigente Zingales ha ribadito il ruolo della scuola quale luogo privilegiato per l\u2019apprendimento dei valori della Costituzione repubblicana, nel rispetto e nell\u2019onore dovuti alla bandiera.<\/p>\n","protected":false},"excerpt":{"rendered":"<p>Si \u00e8 celebrata oggi a Messina la Giornata nazionale del Tricolore, promossa dal Comune di Messina di concerto con la Prefettura, d\u2019intesa con le Associazioni degli Insigniti dell\u2019Ordine al Merito della Repubblica Italiana e in collaborazione con la Brigata Meccanizzata \u201cAosta\u201d. La cerimonia ha avuto inizio in Piazza Unione Europea con il momento solenne dell\u2019Alza [&hellip;]<\/p>\n","protected":false},"author":2,"featured_media":258740,"comment_status":"open","ping_status":"open","sticky":false,"template":"","format":"standard","meta":{"ub_ctt_via":"","_mi_skip_tracking":false},"categories":[5],"tags":[12443,2972,12444],"featured_image_src":"https:\/\/www.messinaoggi.it\/website\/wp-content\/uploads\/2026\/01\/615955023_865005176131103_1191590845120384776_n.jpg","author_info":{"display_name":"Redazione","author_link":"https:\/\/www.messinaoggi.it\/website\/author\/redazione\/"},"digistream_id":0,"digistream":false,"_links":{"self":[{"href":"https:\/\/www.messinaoggi.it\/website\/wp-json\/wp\/v2\/posts\/258739"}],"collection":[{"href":"https:\/\/www.messinaoggi.it\/website\/wp-json\/wp\/v2\/posts"}],"about":[{"href":"https:\/\/www.messinaoggi.it\/website\/wp-json\/wp\/v2\/types\/post"}],"author":[{"embeddable":true,"href":"https:\/\/www.messinaoggi.it\/website\/wp-json\/wp\/v2\/users\/2"}],"replies":[{"embeddable":true,"href":"https:\/\/www.messinaoggi.it\/website\/wp-json\/wp\/v2\/comments?post=258739"}],"version-history":[{"count":1,"href":"https:\/\/www.messinaoggi.it\/website\/wp-json\/wp\/v2\/posts\/258739\/revisions"}],"predecessor-version":[{"id":258741,"href":"https:\/\/www.messinaoggi.it\/website\/wp-json\/wp\/v2\/posts\/258739\/revisions\/258741"}],"wp:featuredmedia":[{"embeddable":true,"href":"https:\/\/www.messinaoggi.it\/website\/wp-json\/wp\/v2\/media\/258740"}],"wp:attachment":[{"href":"https:\/\/www.messinaoggi.it\/website\/wp-json\/wp\/v2\/media?parent=258739"}],"wp:term":[{"taxonomy":"category","embeddable":true,"href":"https:\/\/www.messinaoggi.it\/website\/wp-json\/wp\/v2\/categories?post=258739"},{"taxonomy":"post_tag","embeddable":true,"href":"https:\/\/www.messinaoggi.it\/website\/wp-json\/wp\/v2\/tags?post=258739"}],"curies":[{"name":"wp","href":"https:\/\/api.w.org\/{rel}","templated":true}]}}