{"id":258737,"date":"2026-01-12T16:02:35","date_gmt":"2026-01-12T15:02:35","guid":{"rendered":"http:\/\/www.messinaoggi.it\/website\/?p=258737"},"modified":"2026-01-12T16:02:36","modified_gmt":"2026-01-12T15:02:36","slug":"ciclabili-oteri-e-il-comitato-prima-messina-lanciano-petizione","status":"publish","type":"post","link":"https:\/\/www.messinaoggi.it\/website\/2026\/01\/12\/ciclabili-oteri-e-il-comitato-prima-messina-lanciano-petizione\/","title":{"rendered":"Ciclabili, Oteri e il Comitato &#8220;Prima Messina&#8221; lanciano petizione"},"content":{"rendered":"\n<p>Una raccolta firme per &#8220;stoppare&#8221; le piste ciclabili a Messina. L&#8217;ha promossa ilcConsigliere comunale Cosimo Oteri, capogruppo di Prima l\u2019Italia al Consiglio comunale di Messina, unitamente al Comitato cittadino \u201cPrima Messina\u201d.<div id=\"div-gpt-ad-Messinaoggi.it-DSK-300x250-corpoart\" style=\"text-align:center;margin:0 auto;\"><\/div><\/p>\n\n\n\n<p>\u00abNon siamo contrari alle piste ciclabili n\u00e9 alla mobilit\u00e0 sostenibile, dichiara il capogruppo di Prima l\u2019Italia, ma siamo fortemente contrari a questa pista ciclabile, cos\u00ec come \u00e8 stata progettata e realizzata. L\u2019attuale assetto presenta criticit\u00e0 evidenti e potenziali pericoli per ciclisti, pedoni e automobilisti, soprattutto in una zona centrale gi\u00e0 complessa dal punto di vista della viabilit\u00e0\u00bb.<div id=\"videoincontent\" style=\"clear:both\";><\/div><\/p>\n\n\n\n<p>La richiesta avanzata dal Comitato \u201cPrima Messina\u201d e sostenuta politicamente dal capogruppo consiliare di Prima l\u2019Italia \u00e8 chiara: ripensare il progetto, valutando anche un percorso ciclopedonale alternativo, che metta al primo posto sicurezza, funzionalit\u00e0, accessibilit\u00e0 e buon senso, attraverso un confronto reale con cittadini, residenti e operatori commerciali.<\/p>\n\n\n\n<p>\u00abLa partecipazione dei cittadini \u00e8 fondamentale \u2013 sottolinea il Comitato \u201cPrima Messina\u201d perch\u00e9 le scelte che incidono sulla vita quotidiana della citt\u00e0 devono essere condivise e non imposte. Messina merita interventi utili, sicuri e realmente sostenibili\u00bb.<\/p>\n\n\n\n<p>Per questo motivo \u00e8 stata avviata una raccolta firme online, aperta a tutti i cittadini che vogliono sostenere ufficialmente la richiesta di una soluzione diversa dall\u2019attuale pista ciclabile in centro.<\/p>\n","protected":false},"excerpt":{"rendered":"<p>Una raccolta firme per &#8220;stoppare&#8221; le piste ciclabili a Messina. L&#8217;ha promossa ilcConsigliere comunale Cosimo Oteri, capogruppo di Prima l\u2019Italia al Consiglio comunale di Messina, unitamente al Comitato cittadino \u201cPrima Messina\u201d. \u00abNon siamo contrari alle piste ciclabili n\u00e9 alla mobilit\u00e0 sostenibile, dichiara il capogruppo di Prima l\u2019Italia, ma siamo fortemente contrari a questa pista ciclabile, [&hellip;]<\/p>\n","protected":false},"author":2,"featured_media":256528,"comment_status":"open","ping_status":"open","sticky":false,"template":"","format":"standard","meta":{"ub_ctt_via":"","_mi_skip_tracking":false},"categories":[6],"tags":[12441,5984,12442,11828],"featured_image_src":"https:\/\/www.messinaoggi.it\/website\/wp-content\/uploads\/2025\/12\/7d8c5c7a-350c-435c-92ce-d8df3ad1b0a8-scaled.jpeg","author_info":{"display_name":"Redazione","author_link":"https:\/\/www.messinaoggi.it\/website\/author\/redazione\/"},"digistream_id":0,"digistream":false,"_links":{"self":[{"href":"https:\/\/www.messinaoggi.it\/website\/wp-json\/wp\/v2\/posts\/258737"}],"collection":[{"href":"https:\/\/www.messinaoggi.it\/website\/wp-json\/wp\/v2\/posts"}],"about":[{"href":"https:\/\/www.messinaoggi.it\/website\/wp-json\/wp\/v2\/types\/post"}],"author":[{"embeddable":true,"href":"https:\/\/www.messinaoggi.it\/website\/wp-json\/wp\/v2\/users\/2"}],"replies":[{"embeddable":true,"href":"https:\/\/www.messinaoggi.it\/website\/wp-json\/wp\/v2\/comments?post=258737"}],"version-history":[{"count":1,"href":"https:\/\/www.messinaoggi.it\/website\/wp-json\/wp\/v2\/posts\/258737\/revisions"}],"predecessor-version":[{"id":258738,"href":"https:\/\/www.messinaoggi.it\/website\/wp-json\/wp\/v2\/posts\/258737\/revisions\/258738"}],"wp:featuredmedia":[{"embeddable":true,"href":"https:\/\/www.messinaoggi.it\/website\/wp-json\/wp\/v2\/media\/256528"}],"wp:attachment":[{"href":"https:\/\/www.messinaoggi.it\/website\/wp-json\/wp\/v2\/media?parent=258737"}],"wp:term":[{"taxonomy":"category","embeddable":true,"href":"https:\/\/www.messinaoggi.it\/website\/wp-json\/wp\/v2\/categories?post=258737"},{"taxonomy":"post_tag","embeddable":true,"href":"https:\/\/www.messinaoggi.it\/website\/wp-json\/wp\/v2\/tags?post=258737"}],"curies":[{"name":"wp","href":"https:\/\/api.w.org\/{rel}","templated":true}]}}