{"id":258712,"date":"2026-01-12T11:01:53","date_gmt":"2026-01-12T10:01:53","guid":{"rendered":"http:\/\/www.messinaoggi.it\/website\/?p=258712"},"modified":"2026-01-12T19:38:03","modified_gmt":"2026-01-12T18:38:03","slug":"taormina-de-luca-perde-un-altro-pezzo-si-dimette-il-suo-vice","status":"publish","type":"post","link":"https:\/\/www.messinaoggi.it\/website\/2026\/01\/12\/taormina-de-luca-perde-un-altro-pezzo-si-dimette-il-suo-vice\/","title":{"rendered":"Taormina, De Luca perde un altro pezzo: si dimette il suo vice"},"content":{"rendered":"\n<p>&#8220;In un Paese in cui quasi nessuno rassegna le dimissioni, sento il dovere \u2013 anche in contrasto con una cultura che spesso le evita \u2013 di annunciare le mie dimissioni da Assessore della Citt\u00e0 di Taormina. Dopo circa due anni e mezzo di servizio intenso e costante al fianco della mia comunit\u00e0, lascio questo incarico con la consapevolezza di aver contribuito a rendere Taormina una citt\u00e0 migliore di come l\u2019ho trovata, raggiungendo risultati storici di cui vado profondamente orgoglioso&#8221;.<div id=\"div-gpt-ad-Messinaoggi.it-DSK-300x250-corpoart\" style=\"text-align:center;margin:0 auto;\"><\/div><\/p>\n\n\n\n<p>Con un post su FB il vice sindaco di Taormina, <strong>Jonathan Sferra<\/strong>, ha rassegnato le proprie dimissioni. Le motivazioni sarebbero di carattere familiare, ma ci sarebbe dell&#8217;altro dieta questa improvvisa decisione.<div id=\"videoincontent\" style=\"clear:both\";><\/div><\/p>\n\n\n\n<p>&#8220;Il ruolo di Assessore richiede un impegno continuo e totale per garantire una gestione della cosa pubblica all\u2019altezza della storia e del prestigio della nostra Citt\u00e0.Alla luce di sopravvenuti e rilevanti impegni familiari, che oggi richiedono una presenza sempre maggiore, ho ritenuto doveroso rassegnare le mie irrevocabili dimissioni da Assessore della Citt\u00e0 di Taormina.Desidero ringraziare il Sindaco per la fiducia accordatami e per avermi conferito la responsabilit\u00e0 di Vice Sindaco, i colleghi di Giunta, i Consiglieri comunali e tutti i dipendenti comunali che hanno lavorato con dedizione al mio fianco. l ringraziamento pi\u00f9 grande va per\u00f2 ai taorminesi, che ho avuto l\u2019onore di servire. Grazie di cuore a ognuno di voi&#8221;.<\/p>\n","protected":false},"excerpt":{"rendered":"<p>&#8220;In un Paese in cui quasi nessuno rassegna le dimissioni, sento il dovere \u2013 anche in contrasto con una cultura che spesso le evita \u2013 di annunciare le mie dimissioni da Assessore della Citt\u00e0 di Taormina. Dopo circa due anni e mezzo di servizio intenso e costante al fianco della mia comunit\u00e0, lascio questo incarico [&hellip;]<\/p>\n","protected":false},"author":2,"featured_media":258713,"comment_status":"open","ping_status":"open","sticky":false,"template":"","format":"standard","meta":{"ub_ctt_via":"","_mi_skip_tracking":false},"categories":[6,3],"tags":[126,12437,12438,73],"featured_image_src":"https:\/\/www.messinaoggi.it\/website\/wp-content\/uploads\/2026\/01\/496404872_10161286858441957_5475390153201935989_n.jpg","author_info":{"display_name":"Redazione","author_link":"https:\/\/www.messinaoggi.it\/website\/author\/redazione\/"},"digistream_id":0,"digistream":false,"_links":{"self":[{"href":"https:\/\/www.messinaoggi.it\/website\/wp-json\/wp\/v2\/posts\/258712"}],"collection":[{"href":"https:\/\/www.messinaoggi.it\/website\/wp-json\/wp\/v2\/posts"}],"about":[{"href":"https:\/\/www.messinaoggi.it\/website\/wp-json\/wp\/v2\/types\/post"}],"author":[{"embeddable":true,"href":"https:\/\/www.messinaoggi.it\/website\/wp-json\/wp\/v2\/users\/2"}],"replies":[{"embeddable":true,"href":"https:\/\/www.messinaoggi.it\/website\/wp-json\/wp\/v2\/comments?post=258712"}],"version-history":[{"count":1,"href":"https:\/\/www.messinaoggi.it\/website\/wp-json\/wp\/v2\/posts\/258712\/revisions"}],"predecessor-version":[{"id":258714,"href":"https:\/\/www.messinaoggi.it\/website\/wp-json\/wp\/v2\/posts\/258712\/revisions\/258714"}],"wp:featuredmedia":[{"embeddable":true,"href":"https:\/\/www.messinaoggi.it\/website\/wp-json\/wp\/v2\/media\/258713"}],"wp:attachment":[{"href":"https:\/\/www.messinaoggi.it\/website\/wp-json\/wp\/v2\/media?parent=258712"}],"wp:term":[{"taxonomy":"category","embeddable":true,"href":"https:\/\/www.messinaoggi.it\/website\/wp-json\/wp\/v2\/categories?post=258712"},{"taxonomy":"post_tag","embeddable":true,"href":"https:\/\/www.messinaoggi.it\/website\/wp-json\/wp\/v2\/tags?post=258712"}],"curies":[{"name":"wp","href":"https:\/\/api.w.org\/{rel}","templated":true}]}}