{"id":258703,"date":"2026-01-12T09:39:04","date_gmt":"2026-01-12T08:39:04","guid":{"rendered":"http:\/\/www.messinaoggi.it\/website\/?p=258703"},"modified":"2026-01-12T19:38:26","modified_gmt":"2026-01-12T18:38:26","slug":"villaggi-dimenticati-le-masse-presentano-il-conto-al-comune","status":"publish","type":"post","link":"https:\/\/www.messinaoggi.it\/website\/2026\/01\/12\/villaggi-dimenticati-le-masse-presentano-il-conto-al-comune\/","title":{"rendered":"Villaggi dimenticati, le Masse presentano il conto al Comune"},"content":{"rendered":"\n<p>Partiamo dalle condizioni dell&#8217;automobilista che ha rischiato di essere risucchiato sabato sera da una frana sulla strada Curcuraci-Le Masse. L&#8217;uomo si \u00e8 salvato miracolosamente ma ha riportato una frattura scomposta del femore e dovr\u00e0 quasi certamente essere operato. <div id=\"div-gpt-ad-Messinaoggi.it-DSK-300x250-corpoart\" style=\"text-align:center;margin:0 auto;\"><\/div><\/p>\n\n\n\n<p>Tutto sommato \u00e8 andata bene e solo per un miracolo la comunit\u00e0 messinese non piange una vittima per il maltempo che ha investito la citt\u00e0 nello scorso fine settimana.<div id=\"videoincontent\" style=\"clear:both\";><\/div><\/p>\n\n\n\n<p>La circostanza per\u00f2 ha turbato i cittadini residenti dei villaggi collinari che adesso dicono basta e vogliono presentare il conto all&#8217;amministrazione comunale, finita sul banco degli imputati per non avere compreso la fragilit\u00e0 del territorio.<\/p>\n\n\n\n<p>Tant&#8217;\u00e8 che il &#8220;Comitato dei cittadini&#8221; ha indetto un&#8217;assemblea pubblica che si terr\u00e0 il 17 gennaio, alle ore 18, presso i locali dell\u2019ex-scuola elementare di Massa Santa Lucia.<\/p>\n\n\n\n<p>&#8220;Si terr\u00e0 un incontro aperto al pubblico, per discutere e trovare un\u2019imminente soluzione al martoriato territorio delle quattro Masse (da sempre definite la Svizzera di Messina), situazione resa ancor pi\u00f9 urgente, dopo il gravissimo episodio verificatosi sabato scorso ai danni di un automobilista, nei pressi del villaggio di Massa San Nicola (l\u2019uomo ha riportato lesioni traumatiche importanti), in seguito allo smottamento del manto stradale, riguardante la principale arteria viaria, che percorre appunto il territorio delle Masse. All\u2019incontro sono invitati, a prender parte, le istituzioni politiche interessate, consiglieri comunali, di circoscrizione, gli organi di stampa, associazioni locali e chiunque abbia interesse a dare sicurezza ad un territorio, ancor pi\u00f9 frustrato dopo l\u2019ultimo incendio, che ha devastato e rese ancor pi\u00f9 pericoloso le strade che, quotidianamente, gli abitanti delle Masse percorrono&#8221;.<\/p>\n\n\n\n<p>L&#8217;amministrazione comunale, con molta probabilit\u00e0, sar\u00e0 assente perch\u00e9 sindaco e assessori comunali saranno impegnati nella convention di Caltagirone. <\/p>\n\n\n\n<figure class=\"wp-block-image size-large\"><img loading=\"lazy\" width=\"1024\" height=\"768\" src=\"http:\/\/www.messinaoggi.it\/website\/wp-content\/uploads\/2026\/01\/614303013_25425518357058675_7156134771324846301_n-1024x768.jpg\" alt=\"\" class=\"wp-image-258705\" srcset=\"https:\/\/www.messinaoggi.it\/website\/wp-content\/uploads\/2026\/01\/614303013_25425518357058675_7156134771324846301_n-1024x768.jpg 1024w, https:\/\/www.messinaoggi.it\/website\/wp-content\/uploads\/2026\/01\/614303013_25425518357058675_7156134771324846301_n-300x225.jpg 300w, https:\/\/www.messinaoggi.it\/website\/wp-content\/uploads\/2026\/01\/614303013_25425518357058675_7156134771324846301_n-768x576.jpg 768w, https:\/\/www.messinaoggi.it\/website\/wp-content\/uploads\/2026\/01\/614303013_25425518357058675_7156134771324846301_n.jpg 1280w\" sizes=\"(max-width: 1024px) 100vw, 1024px\" \/><figcaption><strong>La frana di Rocca Celi a Santo Stefano Briga<\/strong><\/figcaption><\/figure>\n\n\n\n<p>Da Nord a Sud, comunque, la musica non cambia. Ieri pomeriggio, uno smottamento ha interessato il costone di Rocca Celi, a Santo Stefano Briga. Una frana che ha invaso la strada e solo per fortuna non si registrano vittime.<\/p>\n","protected":false},"excerpt":{"rendered":"<p>Partiamo dalle condizioni dell&#8217;automobilista che ha rischiato di essere risucchiato sabato sera da una frana sulla strada Curcuraci-Le Masse. L&#8217;uomo si \u00e8 salvato miracolosamente ma ha riportato una frattura scomposta del femore e dovr\u00e0 quasi certamente essere operato. Tutto sommato \u00e8 andata bene e solo per un miracolo la comunit\u00e0 messinese non piange una vittima [&hellip;]<\/p>\n","protected":false},"author":2,"featured_media":258704,"comment_status":"open","ping_status":"open","sticky":false,"template":"","format":"standard","meta":{"ub_ctt_via":"","_mi_skip_tracking":false},"categories":[5,19],"tags":[8783,577,12219,5618,12433],"featured_image_src":"https:\/\/www.messinaoggi.it\/website\/wp-content\/uploads\/2026\/01\/612358634_10234398158753449_1437900836062287370_n-e1768207045564.jpg","author_info":{"display_name":"Redazione","author_link":"https:\/\/www.messinaoggi.it\/website\/author\/redazione\/"},"digistream_id":0,"digistream":false,"_links":{"self":[{"href":"https:\/\/www.messinaoggi.it\/website\/wp-json\/wp\/v2\/posts\/258703"}],"collection":[{"href":"https:\/\/www.messinaoggi.it\/website\/wp-json\/wp\/v2\/posts"}],"about":[{"href":"https:\/\/www.messinaoggi.it\/website\/wp-json\/wp\/v2\/types\/post"}],"author":[{"embeddable":true,"href":"https:\/\/www.messinaoggi.it\/website\/wp-json\/wp\/v2\/users\/2"}],"replies":[{"embeddable":true,"href":"https:\/\/www.messinaoggi.it\/website\/wp-json\/wp\/v2\/comments?post=258703"}],"version-history":[{"count":1,"href":"https:\/\/www.messinaoggi.it\/website\/wp-json\/wp\/v2\/posts\/258703\/revisions"}],"predecessor-version":[{"id":258706,"href":"https:\/\/www.messinaoggi.it\/website\/wp-json\/wp\/v2\/posts\/258703\/revisions\/258706"}],"wp:featuredmedia":[{"embeddable":true,"href":"https:\/\/www.messinaoggi.it\/website\/wp-json\/wp\/v2\/media\/258704"}],"wp:attachment":[{"href":"https:\/\/www.messinaoggi.it\/website\/wp-json\/wp\/v2\/media?parent=258703"}],"wp:term":[{"taxonomy":"category","embeddable":true,"href":"https:\/\/www.messinaoggi.it\/website\/wp-json\/wp\/v2\/categories?post=258703"},{"taxonomy":"post_tag","embeddable":true,"href":"https:\/\/www.messinaoggi.it\/website\/wp-json\/wp\/v2\/tags?post=258703"}],"curies":[{"name":"wp","href":"https:\/\/api.w.org\/{rel}","templated":true}]}}