{"id":258693,"date":"2026-01-12T00:06:43","date_gmt":"2026-01-11T23:06:43","guid":{"rendered":"https:\/\/www.messinaoggi.it\/website\/2026\/01\/11\/schlein-meloni-in-difficolta-la-partita-e-aperta\/"},"modified":"2026-01-12T11:04:24","modified_gmt":"2026-01-12T10:04:24","slug":"schlein-meloni-in-difficolta-la-partita-e-aperta","status":"publish","type":"post","link":"https:\/\/www.messinaoggi.it\/website\/2026\/01\/12\/schlein-meloni-in-difficolta-la-partita-e-aperta\/","title":{"rendered":"Schlein \u201cMeloni in difficolt\u00e0, la partita \u00e8 aperta\u201d"},"content":{"rendered":"<div>MILANO (ITALPRESS) &#8211; &#8220;Meloni \u00e8 in difficolt\u00e0. Lo \u00e8 da quando abbiamo riunito una coalizione progressista che per la prima volta dopo 20 anni si \u00e8 presentata in tutte le regioni al voto e abbiamo avuto delle vittorie nette ed importanti. Che la partita fosse aperta non abbiamo bisogno che ce lo dica Giorgia Meloni, \u00e8 gi\u00e0 aperta. Quello che ci dice il suo intervento \u00e8 che sta finalmente riconoscendo che la tanto sbandierata stabilit\u00e0 di questo governo \u00e8 data semplicemente dal fatto che alle scorse elezioni politiche il nostro campo si sia presentato diviso, sbagliando. Oggi che abbiamo finalmente con fatica messo insieme le nostre differenze e riunito una coalizione hanno cominciato a dire che questa legge elettorale che li ha resi cos\u00ec stabili non rende pi\u00f9 cos\u00ec stabili&#8221;. Lo ha detto la segretaria del Partito Democratico Elly Schlein ospite della trasmissione &#8220;In Onda&#8221; su La7.<div id=\"div-gpt-ad-Messinaoggi.it-DSK-300x250-corpoart\" style=\"text-align:center;margin:0 auto;\"><\/div><\/p>\n<p>foto: IPA Agency<br \/>(ITALPRESS).<\/div>\n<div id=\"videoincontent\" style=\"clear:both\";><\/div>","protected":false},"excerpt":{"rendered":"<p>MILANO (ITALPRESS) &#8211; &#8220;Meloni \u00e8 in difficolt\u00e0. Lo \u00e8 da quando abbiamo riunito una coalizione progressista che per la prima volta dopo 20 anni si \u00e8 presentata in tutte le regioni al voto e abbiamo avuto delle vittorie nette ed importanti. Che la partita fosse aperta non abbiamo bisogno che ce lo dica Giorgia Meloni, [&hellip;]<\/p>\n","protected":false},"author":18,"featured_media":258694,"comment_status":"closed","ping_status":"closed","sticky":false,"template":"","format":"standard","meta":{"ub_ctt_via":"","_mi_skip_tracking":false},"categories":[446,4],"tags":[783],"featured_image_src":"https:\/\/www.messinaoggi.it\/website\/wp-content\/uploads\/2026\/01\/20260111_1984.jpg","author_info":{"display_name":"Admin","author_link":"https:\/\/www.messinaoggi.it\/website\/author\/admin\/"},"digistream_id":0,"digistream":false,"_links":{"self":[{"href":"https:\/\/www.messinaoggi.it\/website\/wp-json\/wp\/v2\/posts\/258693"}],"collection":[{"href":"https:\/\/www.messinaoggi.it\/website\/wp-json\/wp\/v2\/posts"}],"about":[{"href":"https:\/\/www.messinaoggi.it\/website\/wp-json\/wp\/v2\/types\/post"}],"author":[{"embeddable":true,"href":"https:\/\/www.messinaoggi.it\/website\/wp-json\/wp\/v2\/users\/18"}],"replies":[{"embeddable":true,"href":"https:\/\/www.messinaoggi.it\/website\/wp-json\/wp\/v2\/comments?post=258693"}],"version-history":[{"count":1,"href":"https:\/\/www.messinaoggi.it\/website\/wp-json\/wp\/v2\/posts\/258693\/revisions"}],"predecessor-version":[{"id":258716,"href":"https:\/\/www.messinaoggi.it\/website\/wp-json\/wp\/v2\/posts\/258693\/revisions\/258716"}],"wp:featuredmedia":[{"embeddable":true,"href":"https:\/\/www.messinaoggi.it\/website\/wp-json\/wp\/v2\/media\/258694"}],"wp:attachment":[{"href":"https:\/\/www.messinaoggi.it\/website\/wp-json\/wp\/v2\/media?parent=258693"}],"wp:term":[{"taxonomy":"category","embeddable":true,"href":"https:\/\/www.messinaoggi.it\/website\/wp-json\/wp\/v2\/categories?post=258693"},{"taxonomy":"post_tag","embeddable":true,"href":"https:\/\/www.messinaoggi.it\/website\/wp-json\/wp\/v2\/tags?post=258693"}],"curies":[{"name":"wp","href":"https:\/\/api.w.org\/{rel}","templated":true}]}}