{"id":258595,"date":"2026-01-10T12:22:45","date_gmt":"2026-01-10T11:22:45","guid":{"rendered":"http:\/\/www.messinaoggi.it\/website\/?p=258595"},"modified":"2026-01-10T12:22:59","modified_gmt":"2026-01-10T11:22:59","slug":"strade-provinciali-riprende-il-dialogo-con-i-sindaci-di-milazzo-meri-e-s-salvatore-di-fitalia","status":"publish","type":"post","link":"https:\/\/www.messinaoggi.it\/website\/2026\/01\/10\/strade-provinciali-riprende-il-dialogo-con-i-sindaci-di-milazzo-meri-e-s-salvatore-di-fitalia\/","title":{"rendered":"Strade provinciali, riprende il dialogo con i sindaci di Milazzo, Mer\u00ec e S. Salvatore di Fitalia"},"content":{"rendered":"\n<p>Riprende il percorso di incontri istituzionali con i sindaci del territorio promosso dal sindaco metropolitano Federico Basile, finalizzato al monitoraggio delle criticit\u00e0 locali nel quadro della riprogrammazione dei fondi destinati ai comuni della Citt\u00e0 Metropolitana di Messina.<div id=\"div-gpt-ad-Messinaoggi.it-DSK-300x250-corpoart\" style=\"text-align:center;margin:0 auto;\"><\/div><\/p>\n\n\n\n<p>Nella giornata di ieri si \u00e8 svolto il primo appuntamento del nuovo anno, che ha visto la partecipazione del <strong>direttore generale Giuseppe Campagna<\/strong>, del <strong>capo di Gabinetto Lalla Parisi <\/strong>e del <strong>responsabile del Servizio di Gabinetto Gaetano Maggioloti<\/strong>, i quali hanno incontrato i sindaci di <strong>Milazzo<\/strong> e <strong>San Salvatore di Fitalia<\/strong> e il vicesindaco di <strong>Mer\u00ec<\/strong>.<div id=\"videoincontent\" style=\"clear:both\";><\/div><\/p>\n\n\n\n<p>Il confronto ha avuto come tema centrale lo stato della rete stradale provinciale, con particolare attenzione ai collegamenti tra centri abitati, aree rurali e zone produttive. I primi cittadini hanno illustrato criticit\u00e0 e priorit\u00e0 dei rispettivi territori, condividendo proposte operative per una pianificazione pi\u00f9 mirata degli interventi di manutenzione. L\u2019obiettivo comune \u00e8 quello di garantire maggiore sicurezza e accessibilit\u00e0, attraverso una gestione pi\u00f9 efficiente delle infrastrutture e una programmazione coerente con le reali esigenze delle comunit\u00e0 locali.<\/p>\n\n\n\n<p>Ampio spazio \u00e8 stato inoltre dedicato alla valorizzazione delle risorse locali, considerate un asset strategico per lo sviluppo dei territori. Patrimoni ambientali e culturali, aree naturalistiche, siti storici, tradizioni artigianali e filiere agroalimentari sono stati individuati come elementi chiave per la costruzione di progetti di promozione integrata e di rilancio economico e turistico. In tale contesto, il direttore generale Giuseppe Campagna ha illustrato un progetto informativo destinato al rilancio del turismo, attraverso il coinvolgimento diretto delle eccellenze locali e la partecipazione attiva di tutti i comuni della Citt\u00e0 Metropolitana.<\/p>\n\n\n\n<p><strong>Comune di Milazzo<\/strong><\/p>\n\n\n\n<p>Il <strong>sindaco Pippo Midili<\/strong> ha richiamato l\u2019attenzione sulla necessit\u00e0 di interventi urgenti di manutenzione e scerbatura della <strong>SP67<\/strong>, arteria strategica che attraversa anche l\u2019area industriale di Milazzo, dove permangono criticit\u00e0 legate ai sottoservizi, causa di cedimenti del piano stradale. \u00c8 stata inoltre evidenziata la necessit\u00e0 di interventi di manutenzione sulla <strong>SP72A \u201cStrada di Ponente\u201d<\/strong>, recentemente interessata da lavori di bitumazione, principale collegamento viario con Barcellona Pozzo di Gotto, cos\u00ec come l\u2019urgenza di lavori di manutenzione e scerbatura sulla <strong>SP72 bis \u201cMarina Garibaldi\u201d<\/strong>, fondamentale asse di collegamento con Capo Milazzo. Il <strong>direttore Campagna<\/strong> ha confermato lo stanziamento dei finanziamenti destinati agli interventi sulle strade provinciali del territorio, precisando che le opere saranno a breve messe in gara. Nel corso dell\u2019incontro \u00e8 stato inoltre fatto il punto sulla rendicontazione del <strong>finanziamento ottenuto dal Comune di Milazzo, tramite la Citt\u00e0 Metropolitana, per l\u2019acquisto di due bus elettrici<\/strong>.<\/p>\n\n\n\n<p><strong>Comune di San Salvatore di Fitalia<\/strong><\/p>\n\n\n\n<p>Il <strong>sindaco Giuseppe Pizzolante<\/strong> \u00e8 stato informato in merito allo stato di avanzamento delle procedure relative ai lavori di manutenzione ordinaria e straordinaria che interesseranno alcune arterie strategiche del territorio comunale. In particolare, \u00e8 stato comunicato che risultano gi\u00e0 aggiudicati gli interventi di manutenzione, scerbatura, rifacimento del manto stradale e della segnaletica orizzontale e verticale, attualmente in fase di verifica amministrativa della documentazione contrattuale propedeutica all\u2019avvio dei cantieri, come previsto dalla normativa vigente. Tali interventi riguarderanno la <strong>SP155<\/strong> e la <strong>SP155 Bis \u201cDovera\u201d<\/strong>, strade di fondamentale importanza per la viabilit\u00e0 locale e intercomunale, e sono finalizzati a migliorare le condizioni di sicurezza, percorribilit\u00e0 e decoro, oltre a garantire una pi\u00f9 efficiente gestione della circolazione veicolare.<\/p>\n\n\n\n<p><strong>Comune di Mer\u00ec<\/strong><\/p>\n\n\n\n<p>Il <strong>vicesindaco Antonino Siracusa<\/strong> ha segnalato l\u2019urgenza di completare i lavori di bitumazione sulla <strong>SP73 \u201cFemmina Morta\u201d<\/strong>, attualmente interessata da interventi solo parziali. \u00c8 stata inoltre evidenziata la necessit\u00e0 di interventi di scerbatura sulla <strong>SP72H \u201cCamicia\u201d<\/strong>, dove la presenza di avvallamenti del piano viabile determina ristagni di acqua meteorica, rendendo la circolazione particolarmente difficoltosa in caso di pioggia. Il <strong>direttore Campagna<\/strong> ha confermato lo stanziamento delle risorse finanziarie necessarie e comunicato che sono in corso le attivit\u00e0 preliminari per la predisposizione della procedura di gara, finalizzata all\u2019individuazione della ditta incaricata dell\u2019esecuzione degli interventi programmati.<\/p>\n","protected":false},"excerpt":{"rendered":"<p>Riprende il percorso di incontri istituzionali con i sindaci del territorio promosso dal sindaco metropolitano Federico Basile, finalizzato al monitoraggio delle criticit\u00e0 locali nel quadro della riprogrammazione dei fondi destinati ai comuni della Citt\u00e0 Metropolitana di Messina. Nella giornata di ieri si \u00e8 svolto il primo appuntamento del nuovo anno, che ha visto la partecipazione [&hellip;]<\/p>\n","protected":false},"author":2,"featured_media":258596,"comment_status":"open","ping_status":"open","sticky":false,"template":"","format":"standard","meta":{"ub_ctt_via":"","_mi_skip_tracking":false},"categories":[13,14],"tags":[603,12413,12412],"featured_image_src":"https:\/\/www.messinaoggi.it\/website\/wp-content\/uploads\/2026\/01\/IMG-20260109-WA0013.jpg","author_info":{"display_name":"Redazione","author_link":"https:\/\/www.messinaoggi.it\/website\/author\/redazione\/"},"digistream_id":0,"digistream":false,"_links":{"self":[{"href":"https:\/\/www.messinaoggi.it\/website\/wp-json\/wp\/v2\/posts\/258595"}],"collection":[{"href":"https:\/\/www.messinaoggi.it\/website\/wp-json\/wp\/v2\/posts"}],"about":[{"href":"https:\/\/www.messinaoggi.it\/website\/wp-json\/wp\/v2\/types\/post"}],"author":[{"embeddable":true,"href":"https:\/\/www.messinaoggi.it\/website\/wp-json\/wp\/v2\/users\/2"}],"replies":[{"embeddable":true,"href":"https:\/\/www.messinaoggi.it\/website\/wp-json\/wp\/v2\/comments?post=258595"}],"version-history":[{"count":1,"href":"https:\/\/www.messinaoggi.it\/website\/wp-json\/wp\/v2\/posts\/258595\/revisions"}],"predecessor-version":[{"id":258597,"href":"https:\/\/www.messinaoggi.it\/website\/wp-json\/wp\/v2\/posts\/258595\/revisions\/258597"}],"wp:featuredmedia":[{"embeddable":true,"href":"https:\/\/www.messinaoggi.it\/website\/wp-json\/wp\/v2\/media\/258596"}],"wp:attachment":[{"href":"https:\/\/www.messinaoggi.it\/website\/wp-json\/wp\/v2\/media?parent=258595"}],"wp:term":[{"taxonomy":"category","embeddable":true,"href":"https:\/\/www.messinaoggi.it\/website\/wp-json\/wp\/v2\/categories?post=258595"},{"taxonomy":"post_tag","embeddable":true,"href":"https:\/\/www.messinaoggi.it\/website\/wp-json\/wp\/v2\/tags?post=258595"}],"curies":[{"name":"wp","href":"https:\/\/api.w.org\/{rel}","templated":true}]}}