{"id":258592,"date":"2026-01-10T12:20:17","date_gmt":"2026-01-10T11:20:17","guid":{"rendered":"http:\/\/www.messinaoggi.it\/website\/?p=258592"},"modified":"2026-01-10T12:20:18","modified_gmt":"2026-01-10T11:20:18","slug":"piazza-cavallotti-schianto-di-albero-allarme-di-coletta","status":"publish","type":"post","link":"https:\/\/www.messinaoggi.it\/website\/2026\/01\/10\/piazza-cavallotti-schianto-di-albero-allarme-di-coletta\/","title":{"rendered":"Piazza Cavallotti, schianto di albero: allarme di Coletta"},"content":{"rendered":"\n<p>A piazza Cavallotti, un grosso ramo di un <em>ficus <\/em>\u00e8 crollato improvvisamente, un episodio che richiama altri eventi simili gi\u00e0 accaduti in passato. Questa volta un passante \u00e8 rimasto ferito, fortunatamente in modo lieve: a lui vanno i nostri auguri di pronta guarigione.<div id=\"div-gpt-ad-Messinaoggi.it-DSK-300x250-corpoart\" style=\"text-align:center;margin:0 auto;\"><\/div><\/p>\n\n\n\n<p>&#8220;Quanto accaduto riporta al centro un tema importante: la sicurezza di alcune alberature presenti in citt\u00e0, anche in considerazione che Messina \u00e8 la seconda citt\u00e0 pi\u00f9 ventosa della Sicilia&#8221;.<div id=\"videoincontent\" style=\"clear:both\";><\/div><\/p>\n\n\n\n<p>Lo scrive in una nota il consigliere di quartiere Renato Coletta.<\/p>\n\n\n\n<p>&#8220;Parliamo di alberi che, pur risultando censiti nel patrimonio comunale, potrebbero essere stati piantati in passato da privati e oggi, per dimensioni e apparato radicale, possono creare criticit\u00e0 in contesti urbani molto frequentati.In particolare, alcuni Ficus, tra cui quelli di: piazza Cavallotti; piazza Caterina Valverde; via Peculio Frumentario; piazza Annibale Maria di Francia, presentano potenziali rischi per l\u2019incolumit\u00e0 pubblica e, in diversi casi, hanno gi\u00e0 causato danni a marciapiedi, aiuole e sottoservizi, con rivestimenti e pavimentazioni visibilmente compromessi dagli apparati radicali.Per questo proporr\u00f2 all\u2019amministrazione comunale di valutare un intervento strutturale, che possa prevedere dove necessario, la sostituzione graduale con specie pi\u00f9 adatte al contesto urbano, pi\u00f9 sicure e meno impattanti su infrastrutture e spazi pubblici.\u00a0L\u2019obiettivo \u00e8 semplice e condivisibile: prevenire nuovi incidenti e garantire che piazze e strade restino luoghi sicuri per tutti. Auspico quindi che si possa intervenire in tempi brevi, con attenzione e concretezza, per ridurre al minimo ulteriori rischi per la popolazione&#8221;.<\/p>\n\n\n\n<p>Conclude Renato Coletta<\/p>\n","protected":false},"excerpt":{"rendered":"<p>A piazza Cavallotti, un grosso ramo di un ficus \u00e8 crollato improvvisamente, un episodio che richiama altri eventi simili gi\u00e0 accaduti in passato. Questa volta un passante \u00e8 rimasto ferito, fortunatamente in modo lieve: a lui vanno i nostri auguri di pronta guarigione. &#8220;Quanto accaduto riporta al centro un tema importante: la sicurezza di alcune [&hellip;]<\/p>\n","protected":false},"author":2,"featured_media":258593,"comment_status":"open","ping_status":"open","sticky":false,"template":"","format":"standard","meta":{"ub_ctt_via":"","_mi_skip_tracking":false},"categories":[5],"tags":[12411,12410,11391,2520],"featured_image_src":"https:\/\/www.messinaoggi.it\/website\/wp-content\/uploads\/2026\/01\/Foto-2-1.jpg","author_info":{"display_name":"Redazione","author_link":"https:\/\/www.messinaoggi.it\/website\/author\/redazione\/"},"digistream_id":0,"digistream":false,"_links":{"self":[{"href":"https:\/\/www.messinaoggi.it\/website\/wp-json\/wp\/v2\/posts\/258592"}],"collection":[{"href":"https:\/\/www.messinaoggi.it\/website\/wp-json\/wp\/v2\/posts"}],"about":[{"href":"https:\/\/www.messinaoggi.it\/website\/wp-json\/wp\/v2\/types\/post"}],"author":[{"embeddable":true,"href":"https:\/\/www.messinaoggi.it\/website\/wp-json\/wp\/v2\/users\/2"}],"replies":[{"embeddable":true,"href":"https:\/\/www.messinaoggi.it\/website\/wp-json\/wp\/v2\/comments?post=258592"}],"version-history":[{"count":1,"href":"https:\/\/www.messinaoggi.it\/website\/wp-json\/wp\/v2\/posts\/258592\/revisions"}],"predecessor-version":[{"id":258594,"href":"https:\/\/www.messinaoggi.it\/website\/wp-json\/wp\/v2\/posts\/258592\/revisions\/258594"}],"wp:featuredmedia":[{"embeddable":true,"href":"https:\/\/www.messinaoggi.it\/website\/wp-json\/wp\/v2\/media\/258593"}],"wp:attachment":[{"href":"https:\/\/www.messinaoggi.it\/website\/wp-json\/wp\/v2\/media?parent=258592"}],"wp:term":[{"taxonomy":"category","embeddable":true,"href":"https:\/\/www.messinaoggi.it\/website\/wp-json\/wp\/v2\/categories?post=258592"},{"taxonomy":"post_tag","embeddable":true,"href":"https:\/\/www.messinaoggi.it\/website\/wp-json\/wp\/v2\/tags?post=258592"}],"curies":[{"name":"wp","href":"https:\/\/api.w.org\/{rel}","templated":true}]}}