{"id":258591,"date":"2026-01-10T12:12:35","date_gmt":"2026-01-10T11:12:35","guid":{"rendered":"https:\/\/www.messinaoggi.it\/website\/2026\/01\/10\/la-vicesindaca-di-crans-montana-chiediamo-scusa-per-le-mancanze-sui-controlli\/"},"modified":"2026-01-10T12:12:35","modified_gmt":"2026-01-10T11:12:35","slug":"la-vicesindaca-di-crans-montana-chiediamo-scusa-per-le-mancanze-sui-controlli","status":"publish","type":"post","link":"https:\/\/www.messinaoggi.it\/website\/2026\/01\/10\/la-vicesindaca-di-crans-montana-chiediamo-scusa-per-le-mancanze-sui-controlli\/","title":{"rendered":"La vicesindaca di Crans Montana \u201cChiediamo scusa per le mancanze sui controlli\u201d"},"content":{"rendered":"<div>CRANS MONTANA (SVIZZERA) (ITALPRESS) &#8211; &#8220;Chiediamo scusa a tutte le famiglie in lutto e che soffrono&#8221;. Cos\u00ec la vicesindaca di Crans Montana, Nicole Bonvin Clivaz, a dieci giorni dalla tragedia di Capodanno al &#8220;Le Constellation&#8221;, ha riconosciuto gli errori e le mancanze del Comune che l&#8217;inchiesta in corso dovr\u00e0 chiarire. Queste parole, pronunciate nel corso di un&#8217;intervista all&#8217;emittente svizzera RTS, giungono anche a seguito delle polemiche per le mancate scuse del sindaco, Nicolas Feraud, nella conferenza stampa del 6 gennaio. &#8220;Oggi \u00e8 il momento di chiedere scusa: a volte, nella foga del momento, si \u00e8 goffi &#8211; ha spiegato &#8211; Non \u00e8 comune vivere una situazione come questa. Ci \u00e8 voluto davvero tanto coraggio per affrontarla. E ne avremo bisogno ancora&#8221;. Bonvin Clivaz ha quindi riconosciuto le responsabilit\u00e0 del Comune, in particolare per la mancanza di controlli nel locale dal 2020. &#8220;Siamo responsabili di questa supervisione &#8211; ha ammesso -.  L&#8217;indagine ci dir\u00e0 perch\u00e8 si sono verificate queste carenze. Al momento non abbiamo risposte vere&#8221;. <br \/>Nessuna ipotesi di dimissioni del Consiglio comunale all&#8217;orizzonte. &#8220;La questione \u00e8 del tutto fuori discussione, anzi. Stiamo lavorando instancabilmente &#8211; ha ribadito la vicesindaca -. Riceviamo email offensive ogni giorno in Consiglio comunale. Ma \u00e8 comprensibile, \u00e8 normale. Correggeremo. Abbiamo commesso un errore, ora faremo la cosa giusta&#8221;.<div id=\"div-gpt-ad-Messinaoggi.it-DSK-300x250-corpoart\" style=\"text-align:center;margin:0 auto;\"><\/div><\/p>\n<p>&#8211; foto Ipa Agency &#8211;<br \/>(ITALPRESS).<\/div>\n<div id=\"videoincontent\" style=\"clear:both\";><\/div>","protected":false},"excerpt":{"rendered":"<p>CRANS MONTANA (SVIZZERA) (ITALPRESS) &#8211; &#8220;Chiediamo scusa a tutte le famiglie in lutto e che soffrono&#8221;. Cos\u00ec la vicesindaca di Crans Montana, Nicole Bonvin Clivaz, a dieci giorni dalla tragedia di Capodanno al &#8220;Le Constellation&#8221;, ha riconosciuto gli errori e le mancanze del Comune che l&#8217;inchiesta in corso dovr\u00e0 chiarire. Queste parole, pronunciate nel corso [&hellip;]<\/p>\n","protected":false},"author":18,"featured_media":0,"comment_status":"closed","ping_status":"closed","sticky":false,"template":"","format":"standard","meta":{"ub_ctt_via":"","_mi_skip_tracking":false},"categories":[446],"tags":[783],"featured_image_src":null,"author_info":{"display_name":"Admin","author_link":"https:\/\/www.messinaoggi.it\/website\/author\/admin\/"},"digistream_id":0,"digistream":false,"_links":{"self":[{"href":"https:\/\/www.messinaoggi.it\/website\/wp-json\/wp\/v2\/posts\/258591"}],"collection":[{"href":"https:\/\/www.messinaoggi.it\/website\/wp-json\/wp\/v2\/posts"}],"about":[{"href":"https:\/\/www.messinaoggi.it\/website\/wp-json\/wp\/v2\/types\/post"}],"author":[{"embeddable":true,"href":"https:\/\/www.messinaoggi.it\/website\/wp-json\/wp\/v2\/users\/18"}],"replies":[{"embeddable":true,"href":"https:\/\/www.messinaoggi.it\/website\/wp-json\/wp\/v2\/comments?post=258591"}],"version-history":[{"count":0,"href":"https:\/\/www.messinaoggi.it\/website\/wp-json\/wp\/v2\/posts\/258591\/revisions"}],"wp:attachment":[{"href":"https:\/\/www.messinaoggi.it\/website\/wp-json\/wp\/v2\/media?parent=258591"}],"wp:term":[{"taxonomy":"category","embeddable":true,"href":"https:\/\/www.messinaoggi.it\/website\/wp-json\/wp\/v2\/categories?post=258591"},{"taxonomy":"post_tag","embeddable":true,"href":"https:\/\/www.messinaoggi.it\/website\/wp-json\/wp\/v2\/tags?post=258591"}],"curies":[{"name":"wp","href":"https:\/\/api.w.org\/{rel}","templated":true}]}}