{"id":258573,"date":"2026-01-10T06:47:51","date_gmt":"2026-01-10T05:47:51","guid":{"rendered":"http:\/\/www.messinaoggi.it\/website\/?p=258573"},"modified":"2026-01-11T10:53:18","modified_gmt":"2026-01-11T09:53:18","slug":"lutto-si-e-spento-saro-cundari","status":"publish","type":"post","link":"https:\/\/www.messinaoggi.it\/website\/2026\/01\/10\/lutto-si-e-spento-saro-cundari\/","title":{"rendered":"Lutto, si \u00e8 spento Saro Cundari"},"content":{"rendered":"\n<p>\u00c8 morto improvvisamente e prematuramente il noto imprenditore messinese Rosario Cundari, il cui nome \u00e8 legato alla societ\u00e0 FinServizi con sede in via Garibaldi e filiali a Catania e Siracusa.<div id=\"div-gpt-ad-Messinaoggi.it-DSK-300x250-corpoart\" style=\"text-align:center;margin:0 auto;\"><\/div><\/p>\n\n\n\n<p>Societ\u00e0 di mediazione creditizia che aveva creato Cundari negli anni 90 di cui era amministratore. Prima del suo approdo alla Deutsche Bank.<div id=\"videoincontent\" style=\"clear:both\";><\/div><\/p>\n\n\n\n<p>A darne notizia i familiari di Cundari. A stroncarlo un malore nella notte.<\/p>\n\n\n\n<p>Saro Cundari ha anche fondato la rivista messinese di cultura e societ\u00e0 \u201cMag\u201d, editata in citt\u00e0 agli inizi del 2000.<\/p>\n","protected":false},"excerpt":{"rendered":"<p>\u00c8 morto improvvisamente e prematuramente il noto imprenditore messinese Rosario Cundari, il cui nome \u00e8 legato alla societ\u00e0 FinServizi con sede in via Garibaldi e filiali a Catania e Siracusa. Societ\u00e0 di mediazione creditizia che aveva creato Cundari negli anni 90 di cui era amministratore. Prima del suo approdo alla Deutsche Bank. A darne notizia [&hellip;]<\/p>\n","protected":false},"author":2,"featured_media":258574,"comment_status":"open","ping_status":"open","sticky":false,"template":"","format":"standard","meta":{"ub_ctt_via":"","_mi_skip_tracking":false},"categories":[5,6],"tags":[],"featured_image_src":"https:\/\/www.messinaoggi.it\/website\/wp-content\/uploads\/2026\/01\/IMG_1254-e1768044780914.jpeg","author_info":{"display_name":"Redazione","author_link":"https:\/\/www.messinaoggi.it\/website\/author\/redazione\/"},"digistream_id":0,"digistream":false,"_links":{"self":[{"href":"https:\/\/www.messinaoggi.it\/website\/wp-json\/wp\/v2\/posts\/258573"}],"collection":[{"href":"https:\/\/www.messinaoggi.it\/website\/wp-json\/wp\/v2\/posts"}],"about":[{"href":"https:\/\/www.messinaoggi.it\/website\/wp-json\/wp\/v2\/types\/post"}],"author":[{"embeddable":true,"href":"https:\/\/www.messinaoggi.it\/website\/wp-json\/wp\/v2\/users\/2"}],"replies":[{"embeddable":true,"href":"https:\/\/www.messinaoggi.it\/website\/wp-json\/wp\/v2\/comments?post=258573"}],"version-history":[{"count":4,"href":"https:\/\/www.messinaoggi.it\/website\/wp-json\/wp\/v2\/posts\/258573\/revisions"}],"predecessor-version":[{"id":258619,"href":"https:\/\/www.messinaoggi.it\/website\/wp-json\/wp\/v2\/posts\/258573\/revisions\/258619"}],"wp:featuredmedia":[{"embeddable":true,"href":"https:\/\/www.messinaoggi.it\/website\/wp-json\/wp\/v2\/media\/258574"}],"wp:attachment":[{"href":"https:\/\/www.messinaoggi.it\/website\/wp-json\/wp\/v2\/media?parent=258573"}],"wp:term":[{"taxonomy":"category","embeddable":true,"href":"https:\/\/www.messinaoggi.it\/website\/wp-json\/wp\/v2\/categories?post=258573"},{"taxonomy":"post_tag","embeddable":true,"href":"https:\/\/www.messinaoggi.it\/website\/wp-json\/wp\/v2\/tags?post=258573"}],"curies":[{"name":"wp","href":"https:\/\/api.w.org\/{rel}","templated":true}]}}