{"id":258569,"date":"2026-01-10T06:21:04","date_gmt":"2026-01-10T05:21:04","guid":{"rendered":"http:\/\/www.messinaoggi.it\/website\/?p=258569"},"modified":"2026-01-10T06:26:25","modified_gmt":"2026-01-10T05:26:25","slug":"violenta-scossa-di-terremoto-5-1-fra-messina-e-reggio-calabria","status":"publish","type":"post","link":"https:\/\/www.messinaoggi.it\/website\/2026\/01\/10\/violenta-scossa-di-terremoto-5-1-fra-messina-e-reggio-calabria\/","title":{"rendered":"Violenta scossa di terremoto (5.1) fra Messina e Reggio Calabria"},"content":{"rendered":"\n<p>Una scossa di terremoto con epicentro al largo delle Jonio ha risvegliato questa mattina messinesi e reggini. <br>La scossa di magnitudo 5.1 \u00e8 stata avvertita anche nel catanese.<div id=\"div-gpt-ad-Messinaoggi.it-DSK-300x250-corpoart\" style=\"text-align:center;margin:0 auto;\"><\/div><\/p>\n\n\n\n<p>Tanta paura ma non si registrano comunque danni a cose o persone.<div id=\"videoincontent\" style=\"clear:both\";><\/div><\/p>\n\n\n\n<p>Il terremoto di questa mattina all\u2019alba, alle 5,53, \u00e8 stato preceduto da altre due scosse d\u00ed entit\u00e0 inferiore nella notte.<\/p>\n","protected":false},"excerpt":{"rendered":"<p>Una scossa di terremoto con epicentro al largo delle Jonio ha risvegliato questa mattina messinesi e reggini. La scossa di magnitudo 5.1 \u00e8 stata avvertita anche nel catanese. Tanta paura ma non si registrano comunque danni a cose o persone. Il terremoto di questa mattina all\u2019alba, alle 5,53, \u00e8 stato preceduto da altre due scosse [&hellip;]<\/p>\n","protected":false},"author":2,"featured_media":258570,"comment_status":"open","ping_status":"open","sticky":false,"template":"","format":"standard","meta":{"ub_ctt_via":"","_mi_skip_tracking":false},"categories":[19],"tags":[],"featured_image_src":"https:\/\/www.messinaoggi.it\/website\/wp-content\/uploads\/2026\/01\/IMG_1252.jpeg","author_info":{"display_name":"Redazione","author_link":"https:\/\/www.messinaoggi.it\/website\/author\/redazione\/"},"digistream_id":0,"digistream":false,"_links":{"self":[{"href":"https:\/\/www.messinaoggi.it\/website\/wp-json\/wp\/v2\/posts\/258569"}],"collection":[{"href":"https:\/\/www.messinaoggi.it\/website\/wp-json\/wp\/v2\/posts"}],"about":[{"href":"https:\/\/www.messinaoggi.it\/website\/wp-json\/wp\/v2\/types\/post"}],"author":[{"embeddable":true,"href":"https:\/\/www.messinaoggi.it\/website\/wp-json\/wp\/v2\/users\/2"}],"replies":[{"embeddable":true,"href":"https:\/\/www.messinaoggi.it\/website\/wp-json\/wp\/v2\/comments?post=258569"}],"version-history":[{"count":2,"href":"https:\/\/www.messinaoggi.it\/website\/wp-json\/wp\/v2\/posts\/258569\/revisions"}],"predecessor-version":[{"id":258572,"href":"https:\/\/www.messinaoggi.it\/website\/wp-json\/wp\/v2\/posts\/258569\/revisions\/258572"}],"wp:featuredmedia":[{"embeddable":true,"href":"https:\/\/www.messinaoggi.it\/website\/wp-json\/wp\/v2\/media\/258570"}],"wp:attachment":[{"href":"https:\/\/www.messinaoggi.it\/website\/wp-json\/wp\/v2\/media?parent=258569"}],"wp:term":[{"taxonomy":"category","embeddable":true,"href":"https:\/\/www.messinaoggi.it\/website\/wp-json\/wp\/v2\/categories?post=258569"},{"taxonomy":"post_tag","embeddable":true,"href":"https:\/\/www.messinaoggi.it\/website\/wp-json\/wp\/v2\/tags?post=258569"}],"curies":[{"name":"wp","href":"https:\/\/api.w.org\/{rel}","templated":true}]}}