{"id":258561,"date":"2026-01-10T00:06:52","date_gmt":"2026-01-09T23:06:52","guid":{"rendered":"https:\/\/www.messinaoggi.it\/website\/2026\/01\/09\/lollobrigida-accordo-mercosur-migliorato-litalia-protegge-lagricoltura\/"},"modified":"2026-01-10T12:36:06","modified_gmt":"2026-01-10T11:36:06","slug":"lollobrigida-accordo-mercosur-migliorato-litalia-protegge-lagricoltura","status":"publish","type":"post","link":"https:\/\/www.messinaoggi.it\/website\/2026\/01\/10\/lollobrigida-accordo-mercosur-migliorato-litalia-protegge-lagricoltura\/","title":{"rendered":"Lollobrigida \u201cAccordo Mercosur migliorato, l\u2019Italia protegge l\u2019agricoltura\u201d"},"content":{"rendered":"<div>ROMA (ITALPRESS) &#8211; &#8220;L&#8217;Italia in questi lunghi mesi di trattative ha fatto in modo che l&#8217;Agricoltura e gli agricoltori tornassero al centro del dibattito sia in Italia che nell&#8217;Unione europea. Oggi sono tornati ad essere riconosciuti come custodi del territorio e dell&#8217;ambiente, e garanti della nostra sovranit\u00e0 e sicurezza alimentare. Grazie al nostro impegno abbiamo raggiunto un risultato storico, un incremento dei fondi della Pac annullando le proposte di taglio avanzate in prima battuta dalla Commissione del 23%. Gli agricoltori possono oggi guardare al futuro sapendo di poter contare sul giusto sostegno dell&#8217;Europa per essere forti e competitivi. Oltre che contare sul Governo guidato da Giorgia Meloni che ha stanziato pi\u00f9 risorse rispetto a tutti i precedenti governi nella storia repubblicana&#8221;. Lo dichiara il ministro dell&#8217;Agricoltura, della Sovranit\u00e0 alimentare e delle Foreste, Francesco Lollobrigida.<br \/>&#8220;Rispetto al Mercosur, abbiamo migliorato un accordo che portava indubbi vantaggi per il sistema italiano industriale e agricolo ma che per alcuni settori rappresentava criticit\u00e0. Oggi, grazie al lavoro dell&#8217;Italia, l&#8217;accordo \u00e8 occasione di sviluppo e crescita economica ma presenta meccanismi di protezione e di reciprocit\u00e0 che riteniamo adeguati e sui quali vigileremo &#8211; prosegue -. Il Coreper ha dato mandato di firma alla Commissione europea per proseguire nel percorso che porter\u00e0 all&#8217;approvazione del trattato commerciale. Ringrazio l&#8217;ambasciatore Vincenzo Celeste che oggi ha ribadito le posizioni del Governo italiano, ottenendo come ultimo risultato di abbassare la soglia del meccanismo di salvaguardia dall&#8217;8 al 5%, e il rafforzamento del sistema dei controlli per le merci all&#8217;ingresso nell&#8217;Unione europea&#8221;.<br \/>&#8220;Gli agricoltori avranno dunque un meccanismo di protezione pi\u00f9 efficace qualora vi fossero perturbazioni sui prezzi dei prodotti agricoli e potranno contare su una applicazione effettiva del principio di reciprocit\u00e0. La reciprocit\u00e0 \u00e8 un principio che deve valere per tutti gli scambi commerciali con gli Stati terzi, non solo per il Mercosur. Abbiamo chiesto e ottenuto regole, alle quali l&#8217;Unione europea sta lavorando e sul cui progresso vigileremo, che imporranno una cosa logica: i prodotti in ingresso non possono contenere residui di sostanze vietate per gli agricoltori europei. Giocare con le stesse regole \u00e8 alla base della competitivit\u00e0 delle nostre imprese &#8211; conclude Lollobrigida -. Se le imprese non sono competitive \u00e8 la nostra stessa sovranit\u00e0 a essere a rischio e per questo il fondo da 6,3 miliardi di euro per la mitigazione delle potenziali perturbazioni di mercato, insieme all&#8217;azzeramento dei dazi e degli aggravi di costo per i fertilizzanti previste dal regolamento CBAM garantiscono alle nostre imprese condizioni migliori per la produzione. L&#8217;Italia \u00e8 dalla parte degli agricoltori e lavora perch\u00e8 il nostro sistema rimanga florido e possa garantire ai cittadini italiani ed europei la possibilit\u00e0 di scegliere cibo di qualit\u00e0&#8221;.<div id=\"div-gpt-ad-Messinaoggi.it-DSK-300x250-corpoart\" style=\"text-align:center;margin:0 auto;\"><\/div><\/p>\n<p>&#8211; Foto IPA Agency &#8211;<div id=\"videoincontent\" style=\"clear:both\";><\/div><\/p>\n<p>(ITALPRESS).<\/p><\/div>\n","protected":false},"excerpt":{"rendered":"<p>ROMA (ITALPRESS) &#8211; &#8220;L&#8217;Italia in questi lunghi mesi di trattative ha fatto in modo che l&#8217;Agricoltura e gli agricoltori tornassero al centro del dibattito sia in Italia che nell&#8217;Unione europea. Oggi sono tornati ad essere riconosciuti come custodi del territorio e dell&#8217;ambiente, e garanti della nostra sovranit\u00e0 e sicurezza alimentare. Grazie al nostro impegno abbiamo [&hellip;]<\/p>\n","protected":false},"author":18,"featured_media":258562,"comment_status":"closed","ping_status":"closed","sticky":false,"template":"","format":"standard","meta":{"ub_ctt_via":"","_mi_skip_tracking":false},"categories":[446,4],"tags":[783],"featured_image_src":"https:\/\/www.messinaoggi.it\/website\/wp-content\/uploads\/2026\/01\/20260109_1749.jpg","author_info":{"display_name":"Admin","author_link":"https:\/\/www.messinaoggi.it\/website\/author\/admin\/"},"digistream_id":0,"digistream":false,"_links":{"self":[{"href":"https:\/\/www.messinaoggi.it\/website\/wp-json\/wp\/v2\/posts\/258561"}],"collection":[{"href":"https:\/\/www.messinaoggi.it\/website\/wp-json\/wp\/v2\/posts"}],"about":[{"href":"https:\/\/www.messinaoggi.it\/website\/wp-json\/wp\/v2\/types\/post"}],"author":[{"embeddable":true,"href":"https:\/\/www.messinaoggi.it\/website\/wp-json\/wp\/v2\/users\/18"}],"replies":[{"embeddable":true,"href":"https:\/\/www.messinaoggi.it\/website\/wp-json\/wp\/v2\/comments?post=258561"}],"version-history":[{"count":1,"href":"https:\/\/www.messinaoggi.it\/website\/wp-json\/wp\/v2\/posts\/258561\/revisions"}],"predecessor-version":[{"id":258608,"href":"https:\/\/www.messinaoggi.it\/website\/wp-json\/wp\/v2\/posts\/258561\/revisions\/258608"}],"wp:featuredmedia":[{"embeddable":true,"href":"https:\/\/www.messinaoggi.it\/website\/wp-json\/wp\/v2\/media\/258562"}],"wp:attachment":[{"href":"https:\/\/www.messinaoggi.it\/website\/wp-json\/wp\/v2\/media?parent=258561"}],"wp:term":[{"taxonomy":"category","embeddable":true,"href":"https:\/\/www.messinaoggi.it\/website\/wp-json\/wp\/v2\/categories?post=258561"},{"taxonomy":"post_tag","embeddable":true,"href":"https:\/\/www.messinaoggi.it\/website\/wp-json\/wp\/v2\/tags?post=258561"}],"curies":[{"name":"wp","href":"https:\/\/api.w.org\/{rel}","templated":true}]}}