{"id":258452,"date":"2026-01-08T16:06:43","date_gmt":"2026-01-08T15:06:43","guid":{"rendered":"https:\/\/www.messinaoggi.it\/website\/2026\/01\/08\/difesa-giorgetti-con-laumento-della-spesa-nessuna-rinuncia-a-priorita-sociali\/"},"modified":"2026-01-08T17:07:41","modified_gmt":"2026-01-08T16:07:41","slug":"difesa-giorgetti-con-laumento-della-spesa-nessuna-rinuncia-a-priorita-sociali","status":"publish","type":"post","link":"https:\/\/www.messinaoggi.it\/website\/2026\/01\/08\/difesa-giorgetti-con-laumento-della-spesa-nessuna-rinuncia-a-priorita-sociali\/","title":{"rendered":"Difesa, Giorgetti \u201cCon l\u2019aumento della spesa nessuna rinuncia a priorit\u00e0 sociali\u201d"},"content":{"rendered":"<div>ROMA (ITALPRESS) &#8211; &#8220;Per quanto riguarda il rafforzamento della capacit\u00e0 di difesa e sicurezza, anche al fine di ottemperare agli impegni presi durante il summit della NATO tenutosi a L&#8217;Aia lo scorso giugno, appare cruciale attendere gli esiti della stima del deficit del 2025 che l&#8217;Istat notificher\u00e0 alla Commissione europea a marzo. Nel caso in cui questa dovesse risultare inferiore al 3%, verrebbe attivato il procedimento di uscita dalla procedura di disavanzo eccessivo: ci\u00f2 consentirebbe di confermare l&#8217;intento e i contenuti del Documento programmatico di finanza pubblica, ossia l&#8217;incremento della spesa per sicurezza e difesa graduale con un&#8217;incidenza sul PIL, che pu\u00f2 crescere fino a 0,5 punti percentuali entro la fine del triennio, coperto dalla legge di bilancio&#8221;. Cos\u00ec il ministro dell&#8217;Economia, Giancarlo Giorgetti, al question time in Senato. &#8220;Al riguardo, nella misura in cui &#8211; grazie all&#8217;attivazione della clausola di salvaguardia nazionale &#8211; sar\u00e0 tollerato un sentiero di crescita della spesa netta pi\u00f9 ampio in ragione delle sole maggiori spese in difesa e sicurezza, l&#8217;aumento della spesa prospettato non comporterebbe nessuna rinuncia alle spese dedicate alle principali priorit\u00e0 di natura sociale&#8221;, ha spiegato. &#8220;Quanto infine alle modalit\u00e0 di finanziamento, si ricorda che il piano relativo allo strumento europeo SAFE, presentato dall&#8217;Italia nella misura massima di 14,9 miliardi di euro, \u00e8 ancora in corso di valutazione insieme ai piani presentati dagli altri Stati membri dell&#8217;Unione europea&#8221;. Giorgetti ha ricordato che &#8220;l&#8217;adesione al programma SAFE comporta una dilazione molto in avanti nel tempo della restituzione del relativo prestito rispetto alle emissioni di titoli del debito pubblico, nonch\u00e8 i risparmi conseguenti al differenziale nel tasso di interesse pagato. Al contempo, implica la necessit\u00e0 di sottostare a una serie di regole sostanziali e procedurali che limitano la discrezionalit\u00e0 dei singoli Stati aderenti&#8221;. Inoltre, &#8220;ulteriori benefici indiretti potranno derivare da effetti quali il rafforzamento della cooperazione del coordinamento con altri partner e l&#8217;integrazione della catena del valore a livello dell&#8217;Unione europea, nonch\u00e8 dal contributo alla crescita nel settore industriale&#8221;.<br \/>Giorgetti precisa poi che &#8220;l&#8217;attivazione della clausola di salvaguardia \u00e8 funzionalmente collegata allo strumento SAFE, ma \u00e8 indipendente da questo. La clausola di salvaguardia prevede che, a ricorrere di circostanze eccezionali, in cui la Commissione europea ha esplicitamente incluso l&#8217;attuale contesto geopolitico, uno Stato membro possa richiedere al Consiglio l&#8217;autorizzazione a deviare temporaneamente dal percorso di spesa netta definito nel proprio piano strutturale di bilancio di medio termine. Trattandosi di una flessibilit\u00e0 in deroga, l&#8217;attivazione della clausola non richiederebbe la pubblicazione di un nuovo piano strutturale di bilancio di medio termine, ma implicherebbe comunque una richiesta di scostamento dagli obiettivi programmatici al Parlamento&#8221;.<div id=\"div-gpt-ad-Messinaoggi.it-DSK-300x250-corpoart\" style=\"text-align:center;margin:0 auto;\"><\/div><\/p>\n<p>&#8211; Foto IPA Agency &#8211;<div id=\"videoincontent\" style=\"clear:both\";><\/div><\/p>\n<p>(ITALPRESS).<\/p><\/div>\n","protected":false},"excerpt":{"rendered":"<p>ROMA (ITALPRESS) &#8211; &#8220;Per quanto riguarda il rafforzamento della capacit\u00e0 di difesa e sicurezza, anche al fine di ottemperare agli impegni presi durante il summit della NATO tenutosi a L&#8217;Aia lo scorso giugno, appare cruciale attendere gli esiti della stima del deficit del 2025 che l&#8217;Istat notificher\u00e0 alla Commissione europea a marzo. Nel caso in [&hellip;]<\/p>\n","protected":false},"author":18,"featured_media":258453,"comment_status":"closed","ping_status":"closed","sticky":false,"template":"","format":"standard","meta":{"ub_ctt_via":"","_mi_skip_tracking":false},"categories":[446,4],"tags":[783],"featured_image_src":"https:\/\/www.messinaoggi.it\/website\/wp-content\/uploads\/2026\/01\/20260108_1588.jpg","author_info":{"display_name":"Admin","author_link":"https:\/\/www.messinaoggi.it\/website\/author\/admin\/"},"digistream_id":0,"digistream":false,"_links":{"self":[{"href":"https:\/\/www.messinaoggi.it\/website\/wp-json\/wp\/v2\/posts\/258452"}],"collection":[{"href":"https:\/\/www.messinaoggi.it\/website\/wp-json\/wp\/v2\/posts"}],"about":[{"href":"https:\/\/www.messinaoggi.it\/website\/wp-json\/wp\/v2\/types\/post"}],"author":[{"embeddable":true,"href":"https:\/\/www.messinaoggi.it\/website\/wp-json\/wp\/v2\/users\/18"}],"replies":[{"embeddable":true,"href":"https:\/\/www.messinaoggi.it\/website\/wp-json\/wp\/v2\/comments?post=258452"}],"version-history":[{"count":1,"href":"https:\/\/www.messinaoggi.it\/website\/wp-json\/wp\/v2\/posts\/258452\/revisions"}],"predecessor-version":[{"id":258454,"href":"https:\/\/www.messinaoggi.it\/website\/wp-json\/wp\/v2\/posts\/258452\/revisions\/258454"}],"wp:featuredmedia":[{"embeddable":true,"href":"https:\/\/www.messinaoggi.it\/website\/wp-json\/wp\/v2\/media\/258453"}],"wp:attachment":[{"href":"https:\/\/www.messinaoggi.it\/website\/wp-json\/wp\/v2\/media?parent=258452"}],"wp:term":[{"taxonomy":"category","embeddable":true,"href":"https:\/\/www.messinaoggi.it\/website\/wp-json\/wp\/v2\/categories?post=258452"},{"taxonomy":"post_tag","embeddable":true,"href":"https:\/\/www.messinaoggi.it\/website\/wp-json\/wp\/v2\/tags?post=258452"}],"curies":[{"name":"wp","href":"https:\/\/api.w.org\/{rel}","templated":true}]}}