{"id":258431,"date":"2026-01-08T10:06:41","date_gmt":"2026-01-08T09:06:41","guid":{"rendered":"https:\/\/www.messinaoggi.it\/website\/2026\/01\/08\/papa-leone-ce-una-grande-folla-di-una-umanita-affamata-di-bene-e-di-pace\/"},"modified":"2026-01-08T10:06:41","modified_gmt":"2026-01-08T09:06:41","slug":"papa-leone-ce-una-grande-folla-di-una-umanita-affamata-di-bene-e-di-pace","status":"publish","type":"post","link":"https:\/\/www.messinaoggi.it\/website\/2026\/01\/08\/papa-leone-ce-una-grande-folla-di-una-umanita-affamata-di-bene-e-di-pace\/","title":{"rendered":"Papa Leone \u201cC\u2019\u00e8 una grande folla di una umanit\u00e0 affamata di bene e di pace\u201d"},"content":{"rendered":"<div>CITTA&#8217; DEL VATICANO (ITALPRESS) &#8211; Papa Leone, rivolgendosi ai cardinali impegnati da ieri in Concistoro, durante la messa nella Basilica di San Pietro, stamane, ha ricordato: &#8220;Noi non siamo qui a promuovere &#8216;agend\u00e8 &#8211; personali o di gruppo -, ma ad affidare i nostri progetti e le nostre ispirazioni al vaglio di un discernimento che ci supera &#8216;quanto il cielo sovrasta la terr\u00e0 (Is 55,9) e che pu\u00f2 venire solo dal Signore&#8221;.<br \/>&#8220;Il nostro Collegio &#8211; ha aggiunto -, pur ricco di tante competenze e doti notevoli, non \u00e8 infatti chiamato ad essere, in primo luogo, un team di esperti, ma una comunit\u00e0 di fede, in cui i doni che ciascuno porta, offerti al Signore e da Lui restituiti, producano, secondo la sua Provvidenza, il massimo frutto&#8221;.<br \/>&#8220;Certo anche noi &#8211; ha sottolineato il Pontefice -, davanti alla &#8216;grande foll\u00e0 di una umanit\u00e0 affamata di bene e di pace, in un mondo in cui saziet\u00e0 e fame, abbondanza e miseria, lotta per la sopravvivenza e disperato vuoto esistenziale continuano a dividere e ferire le persone, le nazioni e le comunit\u00e0, alle parole del Maestro: \u00abVoi stessi date loro da mangiare\u00bb (Mc 6,37), possiamo sentirci come i discepoli: inadeguati e privi di mezzi. Ges\u00f9, per\u00f2, torna a ripeterci: \u00abQuanti pani avete? Andate a vedere\u00bb (Mc 6,38), e questo possiamo farlo insieme. Non sempre, infatti, riusciremo a trovare soluzioni immediate ai problemi che dobbiamo affrontare. Sempre, per\u00f2, in ogni luogo e circostanza, potremo aiutarci reciprocamente &#8211; e in particolare aiutare il Papa &#8211; a trovare i &#8220;cinque pani e due pesci&#8221; che la Provvidenza non fa mai mancare l\u00e0 dove i suoi figli chiedono aiuto; e ad accoglierli, consegnarli, riceverli e distribuirli, arricchiti della benedizione di Dio e della fede e dell&#8217;amore di tutti, cos\u00ec che a nessuno manchi il necessario (cfr Mc 6,42)&#8221;.<br \/>Foto Ipa Agency &#8211;<br \/>(ITALPRESS).<\/div>\n<div id=\"div-gpt-ad-Messinaoggi.it-DSK-300x250-corpoart\" style=\"text-align:center;margin:0 auto;\"><\/div><\/p><div id=\"videoincontent\" style=\"clear:both\";><\/div>","protected":false},"excerpt":{"rendered":"<p>CITTA&#8217; DEL VATICANO (ITALPRESS) &#8211; Papa Leone, rivolgendosi ai cardinali impegnati da ieri in Concistoro, durante la messa nella Basilica di San Pietro, stamane, ha ricordato: &#8220;Noi non siamo qui a promuovere &#8216;agend\u00e8 &#8211; personali o di gruppo -, ma ad affidare i nostri progetti e le nostre ispirazioni al vaglio di un discernimento che [&hellip;]<\/p>\n","protected":false},"author":18,"featured_media":258432,"comment_status":"closed","ping_status":"closed","sticky":false,"template":"","format":"standard","meta":{"ub_ctt_via":"","_mi_skip_tracking":false},"categories":[446],"tags":[783],"featured_image_src":"https:\/\/www.messinaoggi.it\/website\/wp-content\/uploads\/2026\/01\/20260108_0134.jpg","author_info":{"display_name":"Admin","author_link":"https:\/\/www.messinaoggi.it\/website\/author\/admin\/"},"digistream_id":0,"digistream":false,"_links":{"self":[{"href":"https:\/\/www.messinaoggi.it\/website\/wp-json\/wp\/v2\/posts\/258431"}],"collection":[{"href":"https:\/\/www.messinaoggi.it\/website\/wp-json\/wp\/v2\/posts"}],"about":[{"href":"https:\/\/www.messinaoggi.it\/website\/wp-json\/wp\/v2\/types\/post"}],"author":[{"embeddable":true,"href":"https:\/\/www.messinaoggi.it\/website\/wp-json\/wp\/v2\/users\/18"}],"replies":[{"embeddable":true,"href":"https:\/\/www.messinaoggi.it\/website\/wp-json\/wp\/v2\/comments?post=258431"}],"version-history":[{"count":0,"href":"https:\/\/www.messinaoggi.it\/website\/wp-json\/wp\/v2\/posts\/258431\/revisions"}],"wp:featuredmedia":[{"embeddable":true,"href":"https:\/\/www.messinaoggi.it\/website\/wp-json\/wp\/v2\/media\/258432"}],"wp:attachment":[{"href":"https:\/\/www.messinaoggi.it\/website\/wp-json\/wp\/v2\/media?parent=258431"}],"wp:term":[{"taxonomy":"category","embeddable":true,"href":"https:\/\/www.messinaoggi.it\/website\/wp-json\/wp\/v2\/categories?post=258431"},{"taxonomy":"post_tag","embeddable":true,"href":"https:\/\/www.messinaoggi.it\/website\/wp-json\/wp\/v2\/tags?post=258431"}],"curies":[{"name":"wp","href":"https:\/\/api.w.org\/{rel}","templated":true}]}}