{"id":258423,"date":"2026-01-08T09:55:27","date_gmt":"2026-01-08T08:55:27","guid":{"rendered":"http:\/\/www.messinaoggi.it\/website\/?p=258423"},"modified":"2026-01-08T09:55:28","modified_gmt":"2026-01-08T08:55:28","slug":"maltempo-pioggia-grandine-e-neve-in-quota-sui-nebrodi","status":"publish","type":"post","link":"https:\/\/www.messinaoggi.it\/website\/2026\/01\/08\/maltempo-pioggia-grandine-e-neve-in-quota-sui-nebrodi\/","title":{"rendered":"Maltempo: pioggia, grandine e neve in quota sui Nebrodi"},"content":{"rendered":"\n<p>Anche il Messinese dalla scorsa notta interessato dal maltempo. Calato il vento di ieri sera, spazio per pioggia e grandine nella citt\u00e0 capoluogo che questa mattina s&#8217;\u00e8 svegliata un po&#8217; imbiancata nelle parti alte per l&#8217;accumulo della grandine.<div id=\"div-gpt-ad-Messinaoggi.it-DSK-300x250-corpoart\" style=\"text-align:center;margin:0 auto;\"><\/div><\/p>\n\n\n\n<p>Sui rilievi montuosi del Messinese, come Floresta, Cesar\u00f2 e San Teodoro dalla scorsa notte \u00e8 tornata la neve che sta causando disagi soprattutto alla circolazione stradale. I mezzi spazzaneve della Citt\u00e0 Metropolitana sono entrati in funzione gi\u00e0 all&#8217;alba per liberare la strada da neve e ghiaccio.<div id=\"videoincontent\" style=\"clear:both\";><\/div><\/p>\n\n\n\n<figure class=\"wp-block-image size-large\"><img loading=\"lazy\" width=\"1024\" height=\"768\" src=\"http:\/\/www.messinaoggi.it\/website\/wp-content\/uploads\/2024\/12\/IMG-20241224-WA0066-1024x768.jpg\" alt=\"\" class=\"wp-image-223461\" srcset=\"https:\/\/www.messinaoggi.it\/website\/wp-content\/uploads\/2024\/12\/IMG-20241224-WA0066-1024x768.jpg 1024w, https:\/\/www.messinaoggi.it\/website\/wp-content\/uploads\/2024\/12\/IMG-20241224-WA0066-300x225.jpg 300w, https:\/\/www.messinaoggi.it\/website\/wp-content\/uploads\/2024\/12\/IMG-20241224-WA0066-768x576.jpg 768w, https:\/\/www.messinaoggi.it\/website\/wp-content\/uploads\/2024\/12\/IMG-20241224-WA0066-1536x1152.jpg 1536w, https:\/\/www.messinaoggi.it\/website\/wp-content\/uploads\/2024\/12\/IMG-20241224-WA0066.jpg 1600w\" sizes=\"(max-width: 1024px) 100vw, 1024px\" \/><figcaption><strong>Entrati in funzione i mezzi spazzaneve<\/strong><\/figcaption><\/figure>\n\n\n\n<p>Si sta registrando un sensibile calo delle temperature e solo nel tardo pomeriggio la situazione meteo dovrebbe migliorare. Salvo poi peggiorare gi\u00e0 a partire dalla giornata di domani.<\/p>\n\n\n\n<p>Scuole a Messina regolarmente aperte, anche se ieri \u00e8 circolata una &#8220;fake&#8221; su una presunta ordinanza del sindaco Federico Basile, il quale disponeva la chiusura delle scuole cittadine. Circostanza poi smentita dallo stesso primo cittadino.<\/p>\n","protected":false},"excerpt":{"rendered":"<p>Anche il Messinese dalla scorsa notta interessato dal maltempo. Calato il vento di ieri sera, spazio per pioggia e grandine nella citt\u00e0 capoluogo che questa mattina s&#8217;\u00e8 svegliata un po&#8217; imbiancata nelle parti alte per l&#8217;accumulo della grandine. Sui rilievi montuosi del Messinese, come Floresta, Cesar\u00f2 e San Teodoro dalla scorsa notte \u00e8 tornata la [&hellip;]<\/p>\n","protected":false},"author":2,"featured_media":220702,"comment_status":"open","ping_status":"open","sticky":false,"template":"","format":"standard","meta":{"ub_ctt_via":"","_mi_skip_tracking":false},"categories":[19],"tags":[12379,1025,178,12380,12378,10423],"featured_image_src":"https:\/\/www.messinaoggi.it\/website\/wp-content\/uploads\/2024\/12\/IMG-20241202-WA0036.jpg","author_info":{"display_name":"Redazione","author_link":"https:\/\/www.messinaoggi.it\/website\/author\/redazione\/"},"digistream_id":0,"digistream":false,"_links":{"self":[{"href":"https:\/\/www.messinaoggi.it\/website\/wp-json\/wp\/v2\/posts\/258423"}],"collection":[{"href":"https:\/\/www.messinaoggi.it\/website\/wp-json\/wp\/v2\/posts"}],"about":[{"href":"https:\/\/www.messinaoggi.it\/website\/wp-json\/wp\/v2\/types\/post"}],"author":[{"embeddable":true,"href":"https:\/\/www.messinaoggi.it\/website\/wp-json\/wp\/v2\/users\/2"}],"replies":[{"embeddable":true,"href":"https:\/\/www.messinaoggi.it\/website\/wp-json\/wp\/v2\/comments?post=258423"}],"version-history":[{"count":1,"href":"https:\/\/www.messinaoggi.it\/website\/wp-json\/wp\/v2\/posts\/258423\/revisions"}],"predecessor-version":[{"id":258424,"href":"https:\/\/www.messinaoggi.it\/website\/wp-json\/wp\/v2\/posts\/258423\/revisions\/258424"}],"wp:featuredmedia":[{"embeddable":true,"href":"https:\/\/www.messinaoggi.it\/website\/wp-json\/wp\/v2\/media\/220702"}],"wp:attachment":[{"href":"https:\/\/www.messinaoggi.it\/website\/wp-json\/wp\/v2\/media?parent=258423"}],"wp:term":[{"taxonomy":"category","embeddable":true,"href":"https:\/\/www.messinaoggi.it\/website\/wp-json\/wp\/v2\/categories?post=258423"},{"taxonomy":"post_tag","embeddable":true,"href":"https:\/\/www.messinaoggi.it\/website\/wp-json\/wp\/v2\/tags?post=258423"}],"curies":[{"name":"wp","href":"https:\/\/api.w.org\/{rel}","templated":true}]}}