{"id":258376,"date":"2026-01-07T14:19:14","date_gmt":"2026-01-07T13:19:14","guid":{"rendered":"http:\/\/www.messinaoggi.it\/website\/?p=258376"},"modified":"2026-01-07T14:19:15","modified_gmt":"2026-01-07T13:19:15","slug":"peloritana-servizi-sociali-uil-e-uil-fpl-annunciano-mobilitazione","status":"publish","type":"post","link":"https:\/\/www.messinaoggi.it\/website\/2026\/01\/07\/peloritana-servizi-sociali-uil-e-uil-fpl-annunciano-mobilitazione\/","title":{"rendered":"Peloritana Servizi Sociali, Uil e Uil-Fpl annunciano mobilitazione"},"content":{"rendered":"\n<p>In ballo il futuro lavorativo di 800 persone. Uil e Uil-Fpl scendono in campo al fianco dei lavoratori dei Servizi sociali della Citt\u00e0 Metropolitana di Messina. L&#8217;idea del sindaco Federico Basile \u00e8 quella di riproporre al Consiglio la delibera, gi\u00e0 bocciata, di costituzione dell&#8217;azienda speciale, sulla falsariga della Messina Social City, ma con la differenza che il personale delle cooperative sociali dovranno affrontare un concorso pubblico senza la garanzia della comunit\u00e0 lavorativa.<\/p>\n\n\n\n<p>Questa mattina si \u00e8 tenuta un&#8217;affollata assemblea pubblica, presso la sede della Uil di viale San Martino. La sala riunioni si \u00e8 rivelata insufficiente per accogliere i numerosi lavoratori che temono di perdere il lavoro.<\/p>\n\n\n\n<p>&#8220;Il rischio \u00e8 alto &#8211; ha detto Ivan Tripodi, segretario generale della Uil Messina &#8211; non possiamo restare fermi. Se entro 24\/48 ore non otteniamo risposte dal sindaco Basile che ha byapassato i sindacati siamo pronti a plateali forme di protesta. Non escludiamo un sit-in di protesta a Palazzo dei Leoni in occasione del prossimo consiglio metropolitano, quando la deliber\u00e0 sar\u00e0 riproposta. Qualcuno dice che la nuova Partecipata serva a fare clientela, ma noi non vogliamo crederci anche perch\u00e9 in ballo c&#8217;\u00e8 il destino di 800 famiglie. Speriamo che arrivino delle risposte concrete prima possibile&#8221;.<\/p>\n\n\n\n<p>Sulla stessa lunghezza d&#8217;onda Livio Andronico, segretario generale della Uil-Fpl. &#8220;Siamo al fianco dei lavoratori e delle rispettive famiglie, l&#8217;azienda speciale deve garantire la continuit\u00e0 lavorativa di quanti lavorano da decenni nell&#8217;ambito dei Servizi sociali. Il sindaco Basile non ha avuto nemmeno la delicatezza di convocare le parti sociali per avviare una interlocuzione come si fa normalmente. Questo non possiamo accettarlo&#8221;.<\/p>\n\n\n\n<p>Le organizzazioni sindacali preannunciano quindi una manifestazione che si terr\u00e0 in occasione del prossimo consiglio comunale.<\/p>\n","protected":false},"excerpt":{"rendered":"<p>In ballo il futuro lavorativo di 800 persone. Uil e Uil-Fpl scendono in campo al fianco dei lavoratori dei Servizi sociali della Citt\u00e0 Metropolitana di Messina. L&#8217;idea del sindaco Federico Basile \u00e8 quella di riproporre al Consiglio la delibera, gi\u00e0 bocciata, di costituzione dell&#8217;azienda speciale, sulla falsariga della Messina Social City, ma con la differenza [&hellip;]<\/p>\n","protected":false},"author":2,"featured_media":258377,"comment_status":"open","ping_status":"open","sticky":false,"template":"","format":"standard","meta":{"ub_ctt_via":"","_mi_skip_tracking":false},"categories":[19],"tags":[954,2462,12352,1338,937],"featured_image_src":"https:\/\/www.messinaoggi.it\/website\/wp-content\/uploads\/2026\/01\/IMG_1225-scaled.jpg","author_info":{"display_name":"Redazione","author_link":"https:\/\/www.messinaoggi.it\/website\/author\/redazione\/"},"digistream_id":0,"digistream":false,"_links":{"self":[{"href":"https:\/\/www.messinaoggi.it\/website\/wp-json\/wp\/v2\/posts\/258376"}],"collection":[{"href":"https:\/\/www.messinaoggi.it\/website\/wp-json\/wp\/v2\/posts"}],"about":[{"href":"https:\/\/www.messinaoggi.it\/website\/wp-json\/wp\/v2\/types\/post"}],"author":[{"embeddable":true,"href":"https:\/\/www.messinaoggi.it\/website\/wp-json\/wp\/v2\/users\/2"}],"replies":[{"embeddable":true,"href":"https:\/\/www.messinaoggi.it\/website\/wp-json\/wp\/v2\/comments?post=258376"}],"version-history":[{"count":1,"href":"https:\/\/www.messinaoggi.it\/website\/wp-json\/wp\/v2\/posts\/258376\/revisions"}],"predecessor-version":[{"id":258378,"href":"https:\/\/www.messinaoggi.it\/website\/wp-json\/wp\/v2\/posts\/258376\/revisions\/258378"}],"wp:featuredmedia":[{"embeddable":true,"href":"https:\/\/www.messinaoggi.it\/website\/wp-json\/wp\/v2\/media\/258377"}],"wp:attachment":[{"href":"https:\/\/www.messinaoggi.it\/website\/wp-json\/wp\/v2\/media?parent=258376"}],"wp:term":[{"taxonomy":"category","embeddable":true,"href":"https:\/\/www.messinaoggi.it\/website\/wp-json\/wp\/v2\/categories?post=258376"},{"taxonomy":"post_tag","embeddable":true,"href":"https:\/\/www.messinaoggi.it\/website\/wp-json\/wp\/v2\/tags?post=258376"}],"curies":[{"name":"wp","href":"https:\/\/api.w.org\/{rel}","templated":true}]}}