{"id":258359,"date":"2026-01-07T10:06:41","date_gmt":"2026-01-07T09:06:41","guid":{"rendered":"https:\/\/www.messinaoggi.it\/website\/2026\/01\/07\/meloni-nel-giorno-del-tricolore-rendiamo-onore-alla-nostra-patria\/"},"modified":"2026-01-07T10:06:41","modified_gmt":"2026-01-07T09:06:41","slug":"meloni-nel-giorno-del-tricolore-rendiamo-onore-alla-nostra-patria","status":"publish","type":"post","link":"https:\/\/www.messinaoggi.it\/website\/2026\/01\/07\/meloni-nel-giorno-del-tricolore-rendiamo-onore-alla-nostra-patria\/","title":{"rendered":"Meloni \u201cNel giorno del Tricolore rendiamo onore alla nostra Patria\u201d"},"content":{"rendered":"<div>ROMA (ITALPRESS) &#8211; &#8220;<em><strong>Il Tricolore rappresenta la nostra Storia<\/strong>, impressa nelle gesta di chi, molto prima di noi, ha combattuto con ardimento per quei valori fondanti la Costituzione, di cui la nostra Bandiera \u00e8 espressione. Oggi, nella Giornata del Tricolore, <strong>rendiamo onore alla nostra Patria e a quell&#8217;unit\u00e0 nazionale conquistata con sacrificio e fedelt\u00e0&#8221;<\/strong>.<\/em> Lo scrive su X il<strong> presidente del Consiglio, Giorgia Meloni.<\/strong><div id=\"div-gpt-ad-Messinaoggi.it-DSK-300x250-corpoart\" style=\"text-align:center;margin:0 auto;\"><\/div><\/p>\n<p>&#8211; Foto IPA Agency &#8211;<div id=\"videoincontent\" style=\"clear:both\";><\/div><\/p>\n<p>(ITALPRESS).<\/p><\/div>\n","protected":false},"excerpt":{"rendered":"<p>ROMA (ITALPRESS) &#8211; &#8220;Il Tricolore rappresenta la nostra Storia, impressa nelle gesta di chi, molto prima di noi, ha combattuto con ardimento per quei valori fondanti la Costituzione, di cui la nostra Bandiera \u00e8 espressione. Oggi, nella Giornata del Tricolore, rendiamo onore alla nostra Patria e a quell&#8217;unit\u00e0 nazionale conquistata con sacrificio e fedelt\u00e0&#8221;. Lo [&hellip;]<\/p>\n","protected":false},"author":18,"featured_media":258360,"comment_status":"closed","ping_status":"closed","sticky":false,"template":"","format":"standard","meta":{"ub_ctt_via":"","_mi_skip_tracking":false},"categories":[446],"tags":[783],"featured_image_src":"https:\/\/www.messinaoggi.it\/website\/wp-content\/uploads\/2026\/01\/20260107_0172.jpg","author_info":{"display_name":"Admin","author_link":"https:\/\/www.messinaoggi.it\/website\/author\/admin\/"},"digistream_id":0,"digistream":false,"_links":{"self":[{"href":"https:\/\/www.messinaoggi.it\/website\/wp-json\/wp\/v2\/posts\/258359"}],"collection":[{"href":"https:\/\/www.messinaoggi.it\/website\/wp-json\/wp\/v2\/posts"}],"about":[{"href":"https:\/\/www.messinaoggi.it\/website\/wp-json\/wp\/v2\/types\/post"}],"author":[{"embeddable":true,"href":"https:\/\/www.messinaoggi.it\/website\/wp-json\/wp\/v2\/users\/18"}],"replies":[{"embeddable":true,"href":"https:\/\/www.messinaoggi.it\/website\/wp-json\/wp\/v2\/comments?post=258359"}],"version-history":[{"count":0,"href":"https:\/\/www.messinaoggi.it\/website\/wp-json\/wp\/v2\/posts\/258359\/revisions"}],"wp:featuredmedia":[{"embeddable":true,"href":"https:\/\/www.messinaoggi.it\/website\/wp-json\/wp\/v2\/media\/258360"}],"wp:attachment":[{"href":"https:\/\/www.messinaoggi.it\/website\/wp-json\/wp\/v2\/media?parent=258359"}],"wp:term":[{"taxonomy":"category","embeddable":true,"href":"https:\/\/www.messinaoggi.it\/website\/wp-json\/wp\/v2\/categories?post=258359"},{"taxonomy":"post_tag","embeddable":true,"href":"https:\/\/www.messinaoggi.it\/website\/wp-json\/wp\/v2\/tags?post=258359"}],"curies":[{"name":"wp","href":"https:\/\/api.w.org\/{rel}","templated":true}]}}