{"id":258160,"date":"2026-01-04T00:06:48","date_gmt":"2026-01-03T23:06:48","guid":{"rendered":"https:\/\/www.messinaoggi.it\/website\/2026\/01\/03\/venezuela-tajani-grande-attenzione-finora-per-italiani-situazione-tranquilla\/"},"modified":"2026-01-04T10:41:22","modified_gmt":"2026-01-04T09:41:22","slug":"venezuela-tajani-grande-attenzione-finora-per-italiani-situazione-tranquilla","status":"publish","type":"post","link":"https:\/\/www.messinaoggi.it\/website\/2026\/01\/04\/venezuela-tajani-grande-attenzione-finora-per-italiani-situazione-tranquilla\/","title":{"rendered":"Venezuela, Tajani \u201cGrande attenzione, finora per italiani situazione tranquilla\u201d"},"content":{"rendered":"<div>ROMA (ITALPRESS) &#8211; &#8220;Da quando c&#8217;\u00e8 stato l&#8217;attacco stiamo seguendo la situazione con la nostra ambasciata a Caracas. La situazione \u00e8 molto tesa&#8221;. Lo ha detto in collegamento, durante l&#8217;edizione straordinaria del Tg2, il vicepremier e ministro degli Esteri Antonio Tajani.  &#8220;Abbiamo dato indicazione a tutti gli italiani di essere prudenti &#8211; aggiunge -, seguiamo con la massima attenzione quello che sta accadendo. La nostra unit\u00e0 di crisi \u00e8 a disposizione come la nostra ambasciata. Finora non c&#8217;\u00e8 stata alcuna chiamata di italiani che vivono in Venezuela. Per il momento la situazione per gli italiani \u00e8 tranquilla&#8221;.<br \/>-foto Ipa Agency &#8211;<br \/>(ITALPRESS).<\/div>\n<div id=\"div-gpt-ad-Messinaoggi.it-DSK-300x250-corpoart\" style=\"text-align:center;margin:0 auto;\"><\/div><\/p><div id=\"videoincontent\" style=\"clear:both\";><\/div>","protected":false},"excerpt":{"rendered":"<p>ROMA (ITALPRESS) &#8211; &#8220;Da quando c&#8217;\u00e8 stato l&#8217;attacco stiamo seguendo la situazione con la nostra ambasciata a Caracas. La situazione \u00e8 molto tesa&#8221;. Lo ha detto in collegamento, durante l&#8217;edizione straordinaria del Tg2, il vicepremier e ministro degli Esteri Antonio Tajani. &#8220;Abbiamo dato indicazione a tutti gli italiani di essere prudenti &#8211; aggiunge -, seguiamo [&hellip;]<\/p>\n","protected":false},"author":18,"featured_media":258161,"comment_status":"closed","ping_status":"closed","sticky":false,"template":"","format":"standard","meta":{"ub_ctt_via":"","_mi_skip_tracking":false},"categories":[446,4],"tags":[783],"featured_image_src":"https:\/\/www.messinaoggi.it\/website\/wp-content\/uploads\/2026\/01\/20260103_0223.jpg","author_info":{"display_name":"Admin","author_link":"https:\/\/www.messinaoggi.it\/website\/author\/admin\/"},"digistream_id":0,"digistream":false,"_links":{"self":[{"href":"https:\/\/www.messinaoggi.it\/website\/wp-json\/wp\/v2\/posts\/258160"}],"collection":[{"href":"https:\/\/www.messinaoggi.it\/website\/wp-json\/wp\/v2\/posts"}],"about":[{"href":"https:\/\/www.messinaoggi.it\/website\/wp-json\/wp\/v2\/types\/post"}],"author":[{"embeddable":true,"href":"https:\/\/www.messinaoggi.it\/website\/wp-json\/wp\/v2\/users\/18"}],"replies":[{"embeddable":true,"href":"https:\/\/www.messinaoggi.it\/website\/wp-json\/wp\/v2\/comments?post=258160"}],"version-history":[{"count":1,"href":"https:\/\/www.messinaoggi.it\/website\/wp-json\/wp\/v2\/posts\/258160\/revisions"}],"predecessor-version":[{"id":258193,"href":"https:\/\/www.messinaoggi.it\/website\/wp-json\/wp\/v2\/posts\/258160\/revisions\/258193"}],"wp:featuredmedia":[{"embeddable":true,"href":"https:\/\/www.messinaoggi.it\/website\/wp-json\/wp\/v2\/media\/258161"}],"wp:attachment":[{"href":"https:\/\/www.messinaoggi.it\/website\/wp-json\/wp\/v2\/media?parent=258160"}],"wp:term":[{"taxonomy":"category","embeddable":true,"href":"https:\/\/www.messinaoggi.it\/website\/wp-json\/wp\/v2\/categories?post=258160"},{"taxonomy":"post_tag","embeddable":true,"href":"https:\/\/www.messinaoggi.it\/website\/wp-json\/wp\/v2\/tags?post=258160"}],"curies":[{"name":"wp","href":"https:\/\/api.w.org\/{rel}","templated":true}]}}