{"id":258124,"date":"2026-01-02T16:06:47","date_gmt":"2026-01-02T15:06:47","guid":{"rendered":"https:\/\/www.messinaoggi.it\/website\/2026\/01\/02\/tragedia-svizzera-palazzo-chigi-13-italiani-feriti-e-6-dispersi\/"},"modified":"2026-01-02T16:06:47","modified_gmt":"2026-01-02T15:06:47","slug":"tragedia-svizzera-palazzo-chigi-13-italiani-feriti-e-6-dispersi","status":"publish","type":"post","link":"https:\/\/www.messinaoggi.it\/website\/2026\/01\/02\/tragedia-svizzera-palazzo-chigi-13-italiani-feriti-e-6-dispersi\/","title":{"rendered":"Tragedia Svizzera, Palazzo Chigi \u201c13 italiani feriti e 6 dispersi\u201d"},"content":{"rendered":"<div>ROMA (ITALPRESS) &#8211; Il presidente del Consiglio, Giorgia Meloni, rinnova il suo pi\u00f9 profondo cordoglio personale e quello del Governo tutto per la tragedia occorsa in Svizzera e continua a tenersi in costante contatto con il ministro degli Affari Esteri, Antonio Tajani, presente sul luogo dell&#8217;incidente, con il capo del Dipartimento della Protezione Civile, Fabio Ciciliano, e con i soccorritori italiani. &#8220;Al momento risultano 13 cittadini italiani feriti, per i quali si stanno organizzando i trasferimenti, al fine di assicurare le pi\u00f9 adeguate cure. Risultano, al momento, sei dispersi &#8211; spiega Palazzo Chigi in una nota -. Non sono ancora noti i dati sui deceduti. Dopo i primi soccorsi, prestati con elicotteri della Protezione civile dalla Regione Valle d&#8217;Aosta e personale sanitario e tecnico del soccorso alpino valdostano, \u00e8 stata attivata la Centrale Remota Operazioni di Soccorso Sanitario (CROSS) per il trasferimento in Italia dei feriti (non solo italiani)&#8221;.<br \/>Ai primi tre pazienti giunti all&#8217;Ospedale Niguarda di Milano si \u00e8 aggiunto un paziente trasferito questa mattina; altri tre trasferimenti avverranno in data odierna e si proseguir\u00e0 nei prossimi giorni secondo un calendario condiviso con le autorit\u00e0 sanitarie elvetiche. Gi\u00e0 da questa notte sono stati inviati in Svizzera i team: di valutazione e coordinamento generale del DPC; di supporto tecnico dalla Regione Piemonte; di sanitari esperti nella gestione dei pazienti grandi ustionati della Regione Lombardia, al fine di valutare le condizioni sanitarie e di trasportabilit\u00e0; di psicologi dedicati al supporto dei familiari dei feriti. L&#8217;identificazione delle vittime \u00e8 particolarmente complessa a causa delle gravi ustioni riportate da molti dei deceduti. Oltre ai tre trasferiti in Italia dl ieri al Niguarda e ai quattro di oggi, il programma prevede nei prossimi giorni il trasferimento dl altri sei, secondo una sequenza in definizione. Questa mattina \u00e8 stato decretato lo Stato di mobilitazione del Servizio nazionale della protezione civile.<div id=\"div-gpt-ad-Messinaoggi.it-DSK-300x250-corpoart\" style=\"text-align:center;margin:0 auto;\"><\/div><\/p>\n<p>&#8211; Foto IPA Agency &#8211;<div id=\"videoincontent\" style=\"clear:both\";><\/div><\/p>\n<p>(ITALPRESS).<\/p><\/div>\n","protected":false},"excerpt":{"rendered":"<p>ROMA (ITALPRESS) &#8211; Il presidente del Consiglio, Giorgia Meloni, rinnova il suo pi\u00f9 profondo cordoglio personale e quello del Governo tutto per la tragedia occorsa in Svizzera e continua a tenersi in costante contatto con il ministro degli Affari Esteri, Antonio Tajani, presente sul luogo dell&#8217;incidente, con il capo del Dipartimento della Protezione Civile, Fabio [&hellip;]<\/p>\n","protected":false},"author":18,"featured_media":258125,"comment_status":"closed","ping_status":"closed","sticky":false,"template":"","format":"standard","meta":{"ub_ctt_via":"","_mi_skip_tracking":false},"categories":[446],"tags":[783],"featured_image_src":"https:\/\/www.messinaoggi.it\/website\/wp-content\/uploads\/2026\/01\/20260102_1004.jpg","author_info":{"display_name":"Admin","author_link":"https:\/\/www.messinaoggi.it\/website\/author\/admin\/"},"digistream_id":0,"digistream":false,"_links":{"self":[{"href":"https:\/\/www.messinaoggi.it\/website\/wp-json\/wp\/v2\/posts\/258124"}],"collection":[{"href":"https:\/\/www.messinaoggi.it\/website\/wp-json\/wp\/v2\/posts"}],"about":[{"href":"https:\/\/www.messinaoggi.it\/website\/wp-json\/wp\/v2\/types\/post"}],"author":[{"embeddable":true,"href":"https:\/\/www.messinaoggi.it\/website\/wp-json\/wp\/v2\/users\/18"}],"replies":[{"embeddable":true,"href":"https:\/\/www.messinaoggi.it\/website\/wp-json\/wp\/v2\/comments?post=258124"}],"version-history":[{"count":0,"href":"https:\/\/www.messinaoggi.it\/website\/wp-json\/wp\/v2\/posts\/258124\/revisions"}],"wp:featuredmedia":[{"embeddable":true,"href":"https:\/\/www.messinaoggi.it\/website\/wp-json\/wp\/v2\/media\/258125"}],"wp:attachment":[{"href":"https:\/\/www.messinaoggi.it\/website\/wp-json\/wp\/v2\/media?parent=258124"}],"wp:term":[{"taxonomy":"category","embeddable":true,"href":"https:\/\/www.messinaoggi.it\/website\/wp-json\/wp\/v2\/categories?post=258124"},{"taxonomy":"post_tag","embeddable":true,"href":"https:\/\/www.messinaoggi.it\/website\/wp-json\/wp\/v2\/tags?post=258124"}],"curies":[{"name":"wp","href":"https:\/\/api.w.org\/{rel}","templated":true}]}}