{"id":258122,"date":"2026-01-02T16:06:45","date_gmt":"2026-01-02T15:06:45","guid":{"rendered":"https:\/\/www.messinaoggi.it\/website\/2026\/01\/02\/gasperini-da-ex-a-bergamo-atalanta-forte-big-scatenate-sul-mercato\/"},"modified":"2026-01-02T16:06:45","modified_gmt":"2026-01-02T15:06:45","slug":"gasperini-da-ex-a-bergamo-atalanta-forte-big-scatenate-sul-mercato","status":"publish","type":"post","link":"https:\/\/www.messinaoggi.it\/website\/2026\/01\/02\/gasperini-da-ex-a-bergamo-atalanta-forte-big-scatenate-sul-mercato\/","title":{"rendered":"Gasperini da ex a Bergamo \u201cAtalanta forte, big scatenate sul mercato\u201d"},"content":{"rendered":"<div>ROMA (ITALPRESS) &#8211; &#8220;<em>L&#8217;accoglienza a De Rossi \u00e8 stata molto bella e meritata, ma spero di non ripeterla a fine partita domani. Conoscendo i bergamaschi sar\u00e0 molto bello salutarci, poi ognuno per s\u00e8, senza prigionieri&#8221;.<\/em> Lo ha detto ridendo il tecnico della <strong>Roma,<\/strong> Gian Piero <strong>Gasperini,<\/strong> in conferenza stampa alla vigilia del match contro l&#8217;Atalanta (domani, ore 20:45), parlando dell&#8217;accoglienza che si aspetta a Bergamo dopo quella riservata dal pubblico giallorosso all&#8217;attuale tecnico del Genoa nell&#8217;ultima partita all&#8217;Olimpico.<em> &#8220;E&#8217; stata una bella storia, il comune denominatore \u00e8 stato Antonio Percassi, col quale tutto \u00e8 iniziato<\/em> &#8211; ha ricordato il tecnico che in estate ha lasciato la Dea dopo nove stagioni sulla panchina -. <em>Siamo andati avanti con rose diverse, siamo sempre cresciuti e c&#8217;\u00e8 sempre stata una grande sintonia. Ad un certo punto la propriet\u00e0 \u00e8 cambiata e la figura dell&#8217;allenatore \u00e8 stata considerata diversamente. Ma gli obiettivi sono stati raggiunti. L&#8217;Europa League non \u00e8 stato il punto massimo, la vera anomalia dell&#8217;Atalanta \u00e8 stata aver raggiunto risultati per tanti anni chiudendo sempre i bilanci in utile. Ho lasciato un grande valore, ma ora sono contento di essere arrivato alla Roma&#8221;,<\/em> ha aggiunto Gasperini.<div id=\"div-gpt-ad-Messinaoggi.it-DSK-300x250-corpoart\" style=\"text-align:center;margin:0 auto;\"><\/div><\/p>\n<p>Da valutare la situazione in l&#8217;infermeria:<em> &#8220;Pellegrini e Bailey hanno l&#8217;influenza ma sono comunque infortunati. Gli altri si sono ripresi, anche Pisilli dovrebbe recuperare. Hermoso \u00e8 a disposizione, dobbiamo vedere Wesley che ha un p\u00f2 di acciacchi. La vigilia \u00e8 un p\u00f2 movimentata e dobbiamo fare delle scelte, ma sono convinto che in prossimit\u00e0 della gara recupereremo tutti. Giocare una partita cos\u00ec \u00e8 una motivazione molto forte&#8221;.<\/em> Saranno assenti Ndicka e El Aynaoui in casa Roma e Lookman e Kossounou in casa Atalanta, tutti impegnati in Coppa d&#8217;Africa.<em> &#8220;Sono quattro giocatori fortissimi, sarebbero stati tutti in campo. L&#8217;Atalanta \u00e8 una squadra forte, costruita per la Champions con una rosa rinforzata e completata. Conosco il valore tecnico e morale di tutti i loro giocatori, ma ho fiducia nella nostra squadra, per quello che stiamo facendo a volte anche in situazione di emergenza&#8221;,<\/em> ha aggiunto il tecnico giallorosso.<div id=\"videoincontent\" style=\"clear:both\";><\/div><\/p>\n<p>In questi giorni sta entrando nel vivo il mercato di gennaio: &#8220;<em>Questa squadra ha una sua base competitiva. L&#8217;obiettivo \u00e8 diventare sempre pi\u00f9 forti e per farlo servono giocatori forti, che possano aggiungere valore. E&#8217; un mercato strano, diverso dagli altri anni, perch\u00e8 le big si stanno scatenando. La competizione \u00e8 davvero vicina, visto che in pochi punti ci si gioca scudetto ed Europa. Bisogna accettare la battaglia e stare attenti. Tutto fatto per Raspadori dicono in Spagna? E allora chiedete in Spagna&#8221;,<\/em> ha concluso dribblando la domanda Gasperini.<\/p>\n<p>&#8211; Foto Ipa Agency &#8211;<\/p>\n<p>(ITALPRESS).<\/p><\/div>\n","protected":false},"excerpt":{"rendered":"<p>ROMA (ITALPRESS) &#8211; &#8220;L&#8217;accoglienza a De Rossi \u00e8 stata molto bella e meritata, ma spero di non ripeterla a fine partita domani. Conoscendo i bergamaschi sar\u00e0 molto bello salutarci, poi ognuno per s\u00e8, senza prigionieri&#8221;. Lo ha detto ridendo il tecnico della Roma, Gian Piero Gasperini, in conferenza stampa alla vigilia del match contro l&#8217;Atalanta [&hellip;]<\/p>\n","protected":false},"author":18,"featured_media":258123,"comment_status":"closed","ping_status":"closed","sticky":false,"template":"","format":"standard","meta":{"ub_ctt_via":"","_mi_skip_tracking":false},"categories":[446],"tags":[783],"featured_image_src":"https:\/\/www.messinaoggi.it\/website\/wp-content\/uploads\/2026\/01\/20260102_0868.jpg","author_info":{"display_name":"Admin","author_link":"https:\/\/www.messinaoggi.it\/website\/author\/admin\/"},"digistream_id":0,"digistream":false,"_links":{"self":[{"href":"https:\/\/www.messinaoggi.it\/website\/wp-json\/wp\/v2\/posts\/258122"}],"collection":[{"href":"https:\/\/www.messinaoggi.it\/website\/wp-json\/wp\/v2\/posts"}],"about":[{"href":"https:\/\/www.messinaoggi.it\/website\/wp-json\/wp\/v2\/types\/post"}],"author":[{"embeddable":true,"href":"https:\/\/www.messinaoggi.it\/website\/wp-json\/wp\/v2\/users\/18"}],"replies":[{"embeddable":true,"href":"https:\/\/www.messinaoggi.it\/website\/wp-json\/wp\/v2\/comments?post=258122"}],"version-history":[{"count":0,"href":"https:\/\/www.messinaoggi.it\/website\/wp-json\/wp\/v2\/posts\/258122\/revisions"}],"wp:featuredmedia":[{"embeddable":true,"href":"https:\/\/www.messinaoggi.it\/website\/wp-json\/wp\/v2\/media\/258123"}],"wp:attachment":[{"href":"https:\/\/www.messinaoggi.it\/website\/wp-json\/wp\/v2\/media?parent=258122"}],"wp:term":[{"taxonomy":"category","embeddable":true,"href":"https:\/\/www.messinaoggi.it\/website\/wp-json\/wp\/v2\/categories?post=258122"},{"taxonomy":"post_tag","embeddable":true,"href":"https:\/\/www.messinaoggi.it\/website\/wp-json\/wp\/v2\/tags?post=258122"}],"curies":[{"name":"wp","href":"https:\/\/api.w.org\/{rel}","templated":true}]}}