{"id":258118,"date":"2026-01-02T16:06:41","date_gmt":"2026-01-02T15:06:41","guid":{"rendered":"https:\/\/www.messinaoggi.it\/website\/2026\/01\/02\/protezione-civile-musumeci-decretato-stato-di-mobilitazione-per-crans-montana\/"},"modified":"2026-01-02T16:06:41","modified_gmt":"2026-01-02T15:06:41","slug":"protezione-civile-musumeci-decretato-stato-di-mobilitazione-per-crans-montana","status":"publish","type":"post","link":"https:\/\/www.messinaoggi.it\/website\/2026\/01\/02\/protezione-civile-musumeci-decretato-stato-di-mobilitazione-per-crans-montana\/","title":{"rendered":"Protezione Civile, Musumeci \u201cDecretato stato di mobilitazione per Crans-Montana\u201d"},"content":{"rendered":"<div>ROMA (ITALPRESS) &#8211; &#8220;Ho appena firmato il decreto per disporre lo stato di mobilitazione del Servizio nazionale della Protezione civile per intervenire in Svizzera. Il provvedimento si \u00e8 reso necessario a seguito del gravissimo incendio che nella notte di Capodanno si \u00e8 sviluppato in un locale notturno situato nella localit\u00e0 turistica di Crans Montana, nel Canton Vallese. Con la firma del decreto, richiesto dalla Confederazione elvetica mediante il nostro ministero degli Affari Esteri, consentiamo al Dipartimento nazionale di assicurare il coordinamento dell&#8217;intervento delle strutture della protezione civile, a supporto delle autorit\u00e0 svizzere. E&#8217; richiesta, in particolare, l&#8217;assistenza alle operazioni di valutazione medica, di evacuazione dei feriti ustionati e di contrasto degli eventi estremi&#8221;. Lo afferma in una nota il ministro per la Protezione civile e le Politiche del mare Nello Musumeci.<div id=\"div-gpt-ad-Messinaoggi.it-DSK-300x250-corpoart\" style=\"text-align:center;margin:0 auto;\"><\/div><\/p>\n<p>&#8211; Foto IPA Agency &#8211;<div id=\"videoincontent\" style=\"clear:both\";><\/div><\/p>\n<p>(ITALPRESS).<\/p><\/div>\n","protected":false},"excerpt":{"rendered":"<p>ROMA (ITALPRESS) &#8211; &#8220;Ho appena firmato il decreto per disporre lo stato di mobilitazione del Servizio nazionale della Protezione civile per intervenire in Svizzera. Il provvedimento si \u00e8 reso necessario a seguito del gravissimo incendio che nella notte di Capodanno si \u00e8 sviluppato in un locale notturno situato nella localit\u00e0 turistica di Crans Montana, nel [&hellip;]<\/p>\n","protected":false},"author":18,"featured_media":258119,"comment_status":"closed","ping_status":"closed","sticky":false,"template":"","format":"standard","meta":{"ub_ctt_via":"","_mi_skip_tracking":false},"categories":[446],"tags":[783],"featured_image_src":"https:\/\/www.messinaoggi.it\/website\/wp-content\/uploads\/2026\/01\/20260102_0662.jpg","author_info":{"display_name":"Admin","author_link":"https:\/\/www.messinaoggi.it\/website\/author\/admin\/"},"digistream_id":0,"digistream":false,"_links":{"self":[{"href":"https:\/\/www.messinaoggi.it\/website\/wp-json\/wp\/v2\/posts\/258118"}],"collection":[{"href":"https:\/\/www.messinaoggi.it\/website\/wp-json\/wp\/v2\/posts"}],"about":[{"href":"https:\/\/www.messinaoggi.it\/website\/wp-json\/wp\/v2\/types\/post"}],"author":[{"embeddable":true,"href":"https:\/\/www.messinaoggi.it\/website\/wp-json\/wp\/v2\/users\/18"}],"replies":[{"embeddable":true,"href":"https:\/\/www.messinaoggi.it\/website\/wp-json\/wp\/v2\/comments?post=258118"}],"version-history":[{"count":0,"href":"https:\/\/www.messinaoggi.it\/website\/wp-json\/wp\/v2\/posts\/258118\/revisions"}],"wp:featuredmedia":[{"embeddable":true,"href":"https:\/\/www.messinaoggi.it\/website\/wp-json\/wp\/v2\/media\/258119"}],"wp:attachment":[{"href":"https:\/\/www.messinaoggi.it\/website\/wp-json\/wp\/v2\/media?parent=258118"}],"wp:term":[{"taxonomy":"category","embeddable":true,"href":"https:\/\/www.messinaoggi.it\/website\/wp-json\/wp\/v2\/categories?post=258118"},{"taxonomy":"post_tag","embeddable":true,"href":"https:\/\/www.messinaoggi.it\/website\/wp-json\/wp\/v2\/tags?post=258118"}],"curies":[{"name":"wp","href":"https:\/\/api.w.org\/{rel}","templated":true}]}}