{"id":258112,"date":"2026-01-02T14:06:44","date_gmt":"2026-01-02T13:06:44","guid":{"rendered":"https:\/\/www.messinaoggi.it\/website\/2026\/01\/02\/la-russa-difenderei-con-la-vita-i-valori-di-liberta-della-costituzione\/"},"modified":"2026-01-02T14:06:44","modified_gmt":"2026-01-02T13:06:44","slug":"la-russa-difenderei-con-la-vita-i-valori-di-liberta-della-costituzione","status":"publish","type":"post","link":"https:\/\/www.messinaoggi.it\/website\/2026\/01\/02\/la-russa-difenderei-con-la-vita-i-valori-di-liberta-della-costituzione\/","title":{"rendered":"La Russa \u201cDifenderei con la vita i valori di libert\u00e0 della Costituzione\u201d"},"content":{"rendered":"<div>ROMA (ITALPRESS) &#8211; &#8220;Ho telefonato al presidente&#8221; della Repubblica Sergio Mattarella &#8220;e gli ho detto che il suo messaggio agli italiani \u00e8 quello che mi \u00e8 piaciuto di pi\u00f9 tra quelli precedenti. E&#8217; stato un affresco della storia repubblicana con le luci ma anche con i richiami ai giovani morti per motivi ideologici e con l&#8217;appello finale di speranza alle nuove generazioni&#8221;. Lo afferma il presidente del Senato Ignazio La Russa in un&#8217;intervista al Giornale.<br \/>&#8220;Io sono coetaneo della Repubblica, come lo sono della destra politica italiana nata alla fine del 1946 di cui ho legittimamente ricordato la ricorrenza &#8211; prosegue -. E oggi mi riservo il diritto di vedere il passato con occhi miei. E oggi, senza necessit\u00e0 di accomodarmi a qualsiasi ricostruzione storica, dico che sarei pronto a difendere con la vita i valori di libert\u00e0 espressi dalla prima parte della Costituzione&#8221;.<br \/>&#8220;Se io fossi stato di sinistra, avrebbero tutti detto: che bello un presidente del Senato cos\u00ec al di fuori della formalit\u00e0 &#8211; sottolinea La Russa -. Forse hanno inteso che avessi l&#8217;ambizione di fare il presidente della Repubblica e si sono spaventati, ma io questo obiettivo non l&#8217;ho mai avuto&#8221;, sottolinea la seconda carica dello Stato.<br \/>&#8220;Io sono super partes nell&#8217;esercizio delle mie funzioni, tento di riuscirci sempre, tanto che il mio rapporto con i capigruppo al Senato \u00e8 ottimo &#8211; aggiunge -. Semmai ho la necessit\u00e0 di ascoltare di pi\u00f9 le ragioni dell&#8217;opposizione che \u00e8 numericamente inferiore. Ma non si pu\u00f2 confondere il ruolo del presidente della Repubblica con quello del presidente del Senato&#8221;.<br \/>E sul premierato afferma: &#8220;Dicono che la Meloni vuole la riforma per avere &#8216;pieni poter\u00ec. Come se la Meloni per governare avesse bisogno del premierato: sta gi\u00e0 governando benissimo senza. Il premierato nasce dalla volont\u00e0 di fare qualcosa per la Nazione, un atto d&#8217;amore per l&#8217;Italia del futuro. La democrazia diretta con tutte probabilit\u00e0 offre maggiore garanzie di stabilit\u00e0 dell&#8217;attuale sistema basato sul parlamentarismo&#8221;.<div id=\"div-gpt-ad-Messinaoggi.it-DSK-300x250-corpoart\" style=\"text-align:center;margin:0 auto;\"><\/div><\/p>\n<p>&#8211; Foto IPA Agency &#8211;<div id=\"videoincontent\" style=\"clear:both\";><\/div><\/p>\n<p>(ITALPRESS).<\/p><\/div>\n","protected":false},"excerpt":{"rendered":"<p>ROMA (ITALPRESS) &#8211; &#8220;Ho telefonato al presidente&#8221; della Repubblica Sergio Mattarella &#8220;e gli ho detto che il suo messaggio agli italiani \u00e8 quello che mi \u00e8 piaciuto di pi\u00f9 tra quelli precedenti. E&#8217; stato un affresco della storia repubblicana con le luci ma anche con i richiami ai giovani morti per motivi ideologici e con [&hellip;]<\/p>\n","protected":false},"author":18,"featured_media":258113,"comment_status":"closed","ping_status":"closed","sticky":false,"template":"","format":"standard","meta":{"ub_ctt_via":"","_mi_skip_tracking":false},"categories":[446],"tags":[783],"featured_image_src":"https:\/\/www.messinaoggi.it\/website\/wp-content\/uploads\/2026\/01\/20260102_0498.jpg","author_info":{"display_name":"Admin","author_link":"https:\/\/www.messinaoggi.it\/website\/author\/admin\/"},"digistream_id":0,"digistream":false,"_links":{"self":[{"href":"https:\/\/www.messinaoggi.it\/website\/wp-json\/wp\/v2\/posts\/258112"}],"collection":[{"href":"https:\/\/www.messinaoggi.it\/website\/wp-json\/wp\/v2\/posts"}],"about":[{"href":"https:\/\/www.messinaoggi.it\/website\/wp-json\/wp\/v2\/types\/post"}],"author":[{"embeddable":true,"href":"https:\/\/www.messinaoggi.it\/website\/wp-json\/wp\/v2\/users\/18"}],"replies":[{"embeddable":true,"href":"https:\/\/www.messinaoggi.it\/website\/wp-json\/wp\/v2\/comments?post=258112"}],"version-history":[{"count":0,"href":"https:\/\/www.messinaoggi.it\/website\/wp-json\/wp\/v2\/posts\/258112\/revisions"}],"wp:featuredmedia":[{"embeddable":true,"href":"https:\/\/www.messinaoggi.it\/website\/wp-json\/wp\/v2\/media\/258113"}],"wp:attachment":[{"href":"https:\/\/www.messinaoggi.it\/website\/wp-json\/wp\/v2\/media?parent=258112"}],"wp:term":[{"taxonomy":"category","embeddable":true,"href":"https:\/\/www.messinaoggi.it\/website\/wp-json\/wp\/v2\/categories?post=258112"},{"taxonomy":"post_tag","embeddable":true,"href":"https:\/\/www.messinaoggi.it\/website\/wp-json\/wp\/v2\/tags?post=258112"}],"curies":[{"name":"wp","href":"https:\/\/api.w.org\/{rel}","templated":true}]}}