{"id":257972,"date":"2025-12-31T00:06:47","date_gmt":"2025-12-30T23:06:47","guid":{"rendered":"https:\/\/www.messinaoggi.it\/website\/2025\/12\/30\/schlein-dal-governo-una-legge-di-bilancio-che-va-nella-direzione-sbagliata\/"},"modified":"2025-12-31T10:33:36","modified_gmt":"2025-12-31T09:33:36","slug":"schlein-dal-governo-una-legge-di-bilancio-che-va-nella-direzione-sbagliata","status":"publish","type":"post","link":"https:\/\/www.messinaoggi.it\/website\/2025\/12\/31\/schlein-dal-governo-una-legge-di-bilancio-che-va-nella-direzione-sbagliata\/","title":{"rendered":"Schlein \u201cDal Governo una legge di bilancio che va nella direzione sbagliata\u201d"},"content":{"rendered":"<div>ROMA (ITALPRESS) &#8211; &#8220;Una manovra che non \u00e8 in grado di affrontare le prime preoccupazioni degli italiani \u00e8 una manovra che va in direzione sbagliata. E&#8217; una manovra di austerit\u00e0, lo state anche rivendicando. E&#8217; una manovra che prevede la crescita a zero, mentre la Commissione europea certifica che siamo fanalino di coda, penultimi in Europa per quanto riguarda le prospettive di crescita per il prossimo anno. Questo nonostante il PNRR, lo straordinario contributo che ha dato, nonostante il partito di Giorgia Meloni non l&#8217;abbia nemmeno voluto&#8221;. Cos\u00ec la segretaria del Pd, Elly Schlein, nel corso delle dichiarazioni di voto finali sulla manovra in Aula alla Camera. &#8220;E&#8217; una manovra che non fa nulla sul costo delle bollette, le pi\u00f9 care d&#8217;Europa, mentre c&#8217;\u00e8 un calo della produzione industriale da 34 mesi quasi consecutivi e intanto non c&#8217;\u00e8 uno straccio di politica industriale. E&#8217; una manovra che non dice nulla e non fa nulla per proteggere le imprese e i lavoratori e le famiglie dai dazi di Trump che avete subito in silenzio, minimizzandoli. Anche sui dazi nulla, anzi: avevate promesso un piano da 24 miliardi che \u00e8 completamente sparito nel nulla&#8221;, sottolinea.<div id=\"div-gpt-ad-Messinaoggi.it-DSK-300x250-corpoart\" style=\"text-align:center;margin:0 auto;\"><\/div><\/p>\n<p>&#8211; Foto IPA Agency &#8211;<div id=\"videoincontent\" style=\"clear:both\";><\/div><\/p>\n<p>(ITALPRESS).<\/p><\/div>\n","protected":false},"excerpt":{"rendered":"<p>ROMA (ITALPRESS) &#8211; &#8220;Una manovra che non \u00e8 in grado di affrontare le prime preoccupazioni degli italiani \u00e8 una manovra che va in direzione sbagliata. E&#8217; una manovra di austerit\u00e0, lo state anche rivendicando. E&#8217; una manovra che prevede la crescita a zero, mentre la Commissione europea certifica che siamo fanalino di coda, penultimi in [&hellip;]<\/p>\n","protected":false},"author":18,"featured_media":257973,"comment_status":"closed","ping_status":"closed","sticky":false,"template":"","format":"standard","meta":{"ub_ctt_via":"","_mi_skip_tracking":false},"categories":[446,4],"tags":[783],"featured_image_src":"https:\/\/www.messinaoggi.it\/website\/wp-content\/uploads\/2025\/12\/20251230_1909.jpg","author_info":{"display_name":"Admin","author_link":"https:\/\/www.messinaoggi.it\/website\/author\/admin\/"},"digistream_id":0,"digistream":false,"_links":{"self":[{"href":"https:\/\/www.messinaoggi.it\/website\/wp-json\/wp\/v2\/posts\/257972"}],"collection":[{"href":"https:\/\/www.messinaoggi.it\/website\/wp-json\/wp\/v2\/posts"}],"about":[{"href":"https:\/\/www.messinaoggi.it\/website\/wp-json\/wp\/v2\/types\/post"}],"author":[{"embeddable":true,"href":"https:\/\/www.messinaoggi.it\/website\/wp-json\/wp\/v2\/users\/18"}],"replies":[{"embeddable":true,"href":"https:\/\/www.messinaoggi.it\/website\/wp-json\/wp\/v2\/comments?post=257972"}],"version-history":[{"count":1,"href":"https:\/\/www.messinaoggi.it\/website\/wp-json\/wp\/v2\/posts\/257972\/revisions"}],"predecessor-version":[{"id":257985,"href":"https:\/\/www.messinaoggi.it\/website\/wp-json\/wp\/v2\/posts\/257972\/revisions\/257985"}],"wp:featuredmedia":[{"embeddable":true,"href":"https:\/\/www.messinaoggi.it\/website\/wp-json\/wp\/v2\/media\/257973"}],"wp:attachment":[{"href":"https:\/\/www.messinaoggi.it\/website\/wp-json\/wp\/v2\/media?parent=257972"}],"wp:term":[{"taxonomy":"category","embeddable":true,"href":"https:\/\/www.messinaoggi.it\/website\/wp-json\/wp\/v2\/categories?post=257972"},{"taxonomy":"post_tag","embeddable":true,"href":"https:\/\/www.messinaoggi.it\/website\/wp-json\/wp\/v2\/tags?post=257972"}],"curies":[{"name":"wp","href":"https:\/\/api.w.org\/{rel}","templated":true}]}}