{"id":257970,"date":"2025-12-31T00:06:43","date_gmt":"2025-12-30T23:06:43","guid":{"rendered":"https:\/\/www.messinaoggi.it\/website\/2025\/12\/30\/manovra-schillaci-rafforziamo-il-diritto-alla-salute\/"},"modified":"2025-12-31T10:33:49","modified_gmt":"2025-12-31T09:33:49","slug":"manovra-schillaci-rafforziamo-il-diritto-alla-salute","status":"publish","type":"post","link":"https:\/\/www.messinaoggi.it\/website\/2025\/12\/31\/manovra-schillaci-rafforziamo-il-diritto-alla-salute\/","title":{"rendered":"Manovra, Schillaci \u201cRafforziamo il diritto alla salute\u201d"},"content":{"rendered":"<div>ROMA (ITALPRESS) &#8211; &#8220;La manovra finanziaria del 2026 conferma l&#8217;impegno del Governo per la sanit\u00e0 pubblica e rafforza il diritto alla salute. Garantiamo un incremento straordinario di risorse destinate alla sanit\u00e0, per renderla sempre pi\u00f9 efficiente, accessibile e universale&#8221;. E&#8217; quanto dichiara il ministro della Salute Orazio Schillaci.<br \/>&#8220;Ci sono risorse importanti da utilizzare per la riduzione delle liste d&#8217;attesa con fondi per nuove assunzioni e aumento delle indennit\u00e0 di specificit\u00e0. Potenziamo le attivit\u00e0 di Pronto Soccorso e di prevenzione con particolare attenzione ai programmi di diagnosi precoce per le patologie oncologiche e le malattie rare&#8221;, aggiunge il ministro. &#8220;Inoltre, destiniamo risorse alla salute mentale con un investimento che riconosce la centralit\u00e0 del benessere psicologico come componente essenziale della salute complessiva delle persone. Di fatto, con questa legge di bilancio diamo un&#8217;altra risposta concreta e duratura per un rafforzamento strutturale del Servizio Sanitario Nazionale e per garantire i bisogni di salute di tutti i cittadini&#8221;, conclude Schillaci.<div id=\"div-gpt-ad-Messinaoggi.it-DSK-300x250-corpoart\" style=\"text-align:center;margin:0 auto;\"><\/div><\/p>\n<p>&#8211; Foto IPA Agency &#8211;<div id=\"videoincontent\" style=\"clear:both\";><\/div><\/p>\n<p>(ITALPRESS).<\/p><\/div>\n","protected":false},"excerpt":{"rendered":"<p>ROMA (ITALPRESS) &#8211; &#8220;La manovra finanziaria del 2026 conferma l&#8217;impegno del Governo per la sanit\u00e0 pubblica e rafforza il diritto alla salute. Garantiamo un incremento straordinario di risorse destinate alla sanit\u00e0, per renderla sempre pi\u00f9 efficiente, accessibile e universale&#8221;. E&#8217; quanto dichiara il ministro della Salute Orazio Schillaci.&#8220;Ci sono risorse importanti da utilizzare per la [&hellip;]<\/p>\n","protected":false},"author":18,"featured_media":257971,"comment_status":"closed","ping_status":"closed","sticky":false,"template":"","format":"standard","meta":{"ub_ctt_via":"","_mi_skip_tracking":false},"categories":[446,4],"tags":[783],"featured_image_src":"https:\/\/www.messinaoggi.it\/website\/wp-content\/uploads\/2025\/12\/20251230_1900.jpg","author_info":{"display_name":"Admin","author_link":"https:\/\/www.messinaoggi.it\/website\/author\/admin\/"},"digistream_id":0,"digistream":false,"_links":{"self":[{"href":"https:\/\/www.messinaoggi.it\/website\/wp-json\/wp\/v2\/posts\/257970"}],"collection":[{"href":"https:\/\/www.messinaoggi.it\/website\/wp-json\/wp\/v2\/posts"}],"about":[{"href":"https:\/\/www.messinaoggi.it\/website\/wp-json\/wp\/v2\/types\/post"}],"author":[{"embeddable":true,"href":"https:\/\/www.messinaoggi.it\/website\/wp-json\/wp\/v2\/users\/18"}],"replies":[{"embeddable":true,"href":"https:\/\/www.messinaoggi.it\/website\/wp-json\/wp\/v2\/comments?post=257970"}],"version-history":[{"count":1,"href":"https:\/\/www.messinaoggi.it\/website\/wp-json\/wp\/v2\/posts\/257970\/revisions"}],"predecessor-version":[{"id":257986,"href":"https:\/\/www.messinaoggi.it\/website\/wp-json\/wp\/v2\/posts\/257970\/revisions\/257986"}],"wp:featuredmedia":[{"embeddable":true,"href":"https:\/\/www.messinaoggi.it\/website\/wp-json\/wp\/v2\/media\/257971"}],"wp:attachment":[{"href":"https:\/\/www.messinaoggi.it\/website\/wp-json\/wp\/v2\/media?parent=257970"}],"wp:term":[{"taxonomy":"category","embeddable":true,"href":"https:\/\/www.messinaoggi.it\/website\/wp-json\/wp\/v2\/categories?post=257970"},{"taxonomy":"post_tag","embeddable":true,"href":"https:\/\/www.messinaoggi.it\/website\/wp-json\/wp\/v2\/tags?post=257970"}],"curies":[{"name":"wp","href":"https:\/\/api.w.org\/{rel}","templated":true}]}}