{"id":257941,"date":"2025-12-30T16:06:44","date_gmt":"2025-12-30T15:06:44","guid":{"rendered":"https:\/\/www.messinaoggi.it\/website\/2025\/12\/30\/meloni-legge-di-bilancio-seria-e-responsabile-in-un-contesto-complesso\/"},"modified":"2025-12-30T16:43:01","modified_gmt":"2025-12-30T15:43:01","slug":"meloni-legge-di-bilancio-seria-e-responsabile-in-un-contesto-complesso","status":"publish","type":"post","link":"https:\/\/www.messinaoggi.it\/website\/2025\/12\/30\/meloni-legge-di-bilancio-seria-e-responsabile-in-un-contesto-complesso\/","title":{"rendered":"Meloni \u201cLegge di bilancio seria e responsabile in un contesto complesso\u201d"},"content":{"rendered":"<div>ROMA (ITALPRESS) &#8211; <em>&#8220;Il Parlamento ha approvato la Legge di Bilancio 2026. <strong>E&#8217; una manovra seria e responsabile, costruita in un contesto complesso,<\/strong> che concentra le limitate risorse a disposizione su alcune priorit\u00e0 fondamentali: famiglie, lavoro, imprese e sanit\u00e0&#8221;.<\/em> Cos\u00ec su X il<strong> presidente del Consiglio Giorgia Meloni.<br \/>\n<\/strong><br \/>\n<em>&#8220;Proseguiamo nel percorso di riduzione dell&#8217;IRPEF per il ceto medio, nel sostegno alla natalit\u00e0 e al lavoro, nel rafforzamento della sanit\u00e0 pubblica e nel supporto a chi investe, produce e crea occupazione<\/em> &#8211; prosegue Meloni -. A<em>bbiamo lavorato per rendere strutturali misure gi\u00e0 avviate e per rafforzare quelle che incidono realmente sulla vita quotidiana degli italiani, mantenendo fede agli impegni assunti. Un altro passo avanti per dare certezze alla Nazione e continuare a costruire un&#8217;Italia pi\u00f9 solida, competitiva e capace di guardare al futuro con fiducia&#8221;,<\/em> conclude il premier.<div id=\"div-gpt-ad-Messinaoggi.it-DSK-300x250-corpoart\" style=\"text-align:center;margin:0 auto;\"><\/div><\/p>\n<p>&#8211; Foto IPA Agency &#8211;<div id=\"videoincontent\" style=\"clear:both\";><\/div><\/p>\n<p>(ITALPRESS).<\/p><\/div>\n","protected":false},"excerpt":{"rendered":"<p>ROMA (ITALPRESS) &#8211; &#8220;Il Parlamento ha approvato la Legge di Bilancio 2026. E&#8217; una manovra seria e responsabile, costruita in un contesto complesso, che concentra le limitate risorse a disposizione su alcune priorit\u00e0 fondamentali: famiglie, lavoro, imprese e sanit\u00e0&#8221;. Cos\u00ec su X il presidente del Consiglio Giorgia Meloni. &#8220;Proseguiamo nel percorso di riduzione dell&#8217;IRPEF per [&hellip;]<\/p>\n","protected":false},"author":18,"featured_media":257942,"comment_status":"closed","ping_status":"closed","sticky":false,"template":"","format":"standard","meta":{"ub_ctt_via":"","_mi_skip_tracking":false},"categories":[446,4],"tags":[783],"featured_image_src":"https:\/\/www.messinaoggi.it\/website\/wp-content\/uploads\/2025\/12\/20251230_1137.jpg","author_info":{"display_name":"Admin","author_link":"https:\/\/www.messinaoggi.it\/website\/author\/admin\/"},"digistream_id":0,"digistream":false,"_links":{"self":[{"href":"https:\/\/www.messinaoggi.it\/website\/wp-json\/wp\/v2\/posts\/257941"}],"collection":[{"href":"https:\/\/www.messinaoggi.it\/website\/wp-json\/wp\/v2\/posts"}],"about":[{"href":"https:\/\/www.messinaoggi.it\/website\/wp-json\/wp\/v2\/types\/post"}],"author":[{"embeddable":true,"href":"https:\/\/www.messinaoggi.it\/website\/wp-json\/wp\/v2\/users\/18"}],"replies":[{"embeddable":true,"href":"https:\/\/www.messinaoggi.it\/website\/wp-json\/wp\/v2\/comments?post=257941"}],"version-history":[{"count":1,"href":"https:\/\/www.messinaoggi.it\/website\/wp-json\/wp\/v2\/posts\/257941\/revisions"}],"predecessor-version":[{"id":257952,"href":"https:\/\/www.messinaoggi.it\/website\/wp-json\/wp\/v2\/posts\/257941\/revisions\/257952"}],"wp:featuredmedia":[{"embeddable":true,"href":"https:\/\/www.messinaoggi.it\/website\/wp-json\/wp\/v2\/media\/257942"}],"wp:attachment":[{"href":"https:\/\/www.messinaoggi.it\/website\/wp-json\/wp\/v2\/media?parent=257941"}],"wp:term":[{"taxonomy":"category","embeddable":true,"href":"https:\/\/www.messinaoggi.it\/website\/wp-json\/wp\/v2\/categories?post=257941"},{"taxonomy":"post_tag","embeddable":true,"href":"https:\/\/www.messinaoggi.it\/website\/wp-json\/wp\/v2\/tags?post=257941"}],"curies":[{"name":"wp","href":"https:\/\/api.w.org\/{rel}","templated":true}]}}