{"id":257929,"date":"2025-12-30T12:06:40","date_gmt":"2025-12-30T11:06:40","guid":{"rendered":"https:\/\/www.messinaoggi.it\/website\/2025\/12\/30\/santanche-altro-anno-record-per-il-turismo-italiano\/"},"modified":"2025-12-30T16:52:34","modified_gmt":"2025-12-30T15:52:34","slug":"santanche-altro-anno-record-per-il-turismo-italiano","status":"publish","type":"post","link":"https:\/\/www.messinaoggi.it\/website\/2025\/12\/30\/santanche-altro-anno-record-per-il-turismo-italiano\/","title":{"rendered":"Santanch\u00e8 \u201cAltro anno record per il turismo italiano\u201d"},"content":{"rendered":"<div>ROMA (ITALPRESS) &#8211; &#8220;Si conclude un altro anno record per il turismo italiano, non solo per l&#8217;aumento delle presenze, che &#8211; stando alle stime del nostro ufficio statistica &#8211; superano i 479 milioni (+3% rispetto al 2024), ma anche per l&#8217;incremento della permanenza media, che \u00e8 maggiore di quella di Spagna, Francia e Germania&#8221;. Cos\u00ec in un post su Facebook il ministro del Turismo, Daniela Santanch\u00e8.<br \/>&#8220;Un altro dato significativo &#8211; aggiunge &#8211; \u00e8 la crescita della spesa turistica: l&#8217;attivo record della bilancia dei pagamenti turistica raggiunge i 19,6 miliardi di euro (+7% sul 2024) e la spesa internazionale si attesta a 46,4 miliardi di euro (+4,9%), dimostrando la crescente capacit\u00e0 del settore di generare valore per l&#8217;economia nazionale&#8221;. <br \/>&#8220;Particolarmente rilevante &#8211; sottolinea il ministro &#8211; \u00e8 la crescita dei mesi spalla e la diversificazione dell&#8217;offerta turistica, che consente una migliore distribuzione dei flussi nel tempo e nello spazio. Questo \u00e8 un segno della capacit\u00e0 dei nostri imprenditori di interpretare le esigenze dei turisti, ma anche della ritrovata centralit\u00e0 internazionale dell&#8217;Italia, sostenuta da un governo che ha posto il turismo al centro dell&#8217;agenda politica, sociale ed economica, come evidenziato anche dalla nuova legge di bilancio&#8221;.<br \/>&#8220;Il 2026 &#8211; evidenzia Santanch\u00e8 &#8211; si prospetta ricco di sfide, a partire dalle Olimpiadi di Milano Cortina, che rappresentano un&#8217;opportunit\u00e0 per il presente e il futuro, insieme alla sfida legata all&#8217;undertourism, dedicata a quei territori italiani ancora poco conosciuti, ma con un enorme potenziale per lo sviluppo e la crescita delle comunit\u00e0, specialmente per le nuove generazioni. Ne discuteremo insieme a Milano il 23 e 24 gennaio, in occasione del terzo forum internazionale del turismo. Grazie a tutti per un 2025 ricco di soddisfazioni e auguri per un 2026 in cui il turismo continuer\u00e0 ad essere protagonista della crescita della Nazione&#8221;, conclude il ministro del Turismo, Daniela Santanch\u00e8.<br \/>&#8211; foto Ipa Agency &#8211;<br \/>(ITALPRESS).<\/div>\n<div id=\"div-gpt-ad-Messinaoggi.it-DSK-300x250-corpoart\" style=\"text-align:center;margin:0 auto;\"><\/div><\/p><div id=\"videoincontent\" style=\"clear:both\";><\/div>","protected":false},"excerpt":{"rendered":"<p>ROMA (ITALPRESS) &#8211; &#8220;Si conclude un altro anno record per il turismo italiano, non solo per l&#8217;aumento delle presenze, che &#8211; stando alle stime del nostro ufficio statistica &#8211; superano i 479 milioni (+3% rispetto al 2024), ma anche per l&#8217;incremento della permanenza media, che \u00e8 maggiore di quella di Spagna, Francia e Germania&#8221;. Cos\u00ec [&hellip;]<\/p>\n","protected":false},"author":18,"featured_media":257930,"comment_status":"closed","ping_status":"closed","sticky":false,"template":"","format":"standard","meta":{"ub_ctt_via":"","_mi_skip_tracking":false},"categories":[446,4],"tags":[783],"featured_image_src":"https:\/\/www.messinaoggi.it\/website\/wp-content\/uploads\/2025\/12\/20251230_0155.jpg","author_info":{"display_name":"Admin","author_link":"https:\/\/www.messinaoggi.it\/website\/author\/admin\/"},"digistream_id":0,"digistream":false,"_links":{"self":[{"href":"https:\/\/www.messinaoggi.it\/website\/wp-json\/wp\/v2\/posts\/257929"}],"collection":[{"href":"https:\/\/www.messinaoggi.it\/website\/wp-json\/wp\/v2\/posts"}],"about":[{"href":"https:\/\/www.messinaoggi.it\/website\/wp-json\/wp\/v2\/types\/post"}],"author":[{"embeddable":true,"href":"https:\/\/www.messinaoggi.it\/website\/wp-json\/wp\/v2\/users\/18"}],"replies":[{"embeddable":true,"href":"https:\/\/www.messinaoggi.it\/website\/wp-json\/wp\/v2\/comments?post=257929"}],"version-history":[{"count":1,"href":"https:\/\/www.messinaoggi.it\/website\/wp-json\/wp\/v2\/posts\/257929\/revisions"}],"predecessor-version":[{"id":257963,"href":"https:\/\/www.messinaoggi.it\/website\/wp-json\/wp\/v2\/posts\/257929\/revisions\/257963"}],"wp:featuredmedia":[{"embeddable":true,"href":"https:\/\/www.messinaoggi.it\/website\/wp-json\/wp\/v2\/media\/257930"}],"wp:attachment":[{"href":"https:\/\/www.messinaoggi.it\/website\/wp-json\/wp\/v2\/media?parent=257929"}],"wp:term":[{"taxonomy":"category","embeddable":true,"href":"https:\/\/www.messinaoggi.it\/website\/wp-json\/wp\/v2\/categories?post=257929"},{"taxonomy":"post_tag","embeddable":true,"href":"https:\/\/www.messinaoggi.it\/website\/wp-json\/wp\/v2\/tags?post=257929"}],"curies":[{"name":"wp","href":"https:\/\/api.w.org\/{rel}","templated":true}]}}