{"id":257906,"date":"2025-12-30T10:32:42","date_gmt":"2025-12-30T09:32:42","guid":{"rendered":"http:\/\/www.messinaoggi.it\/website\/?p=257906"},"modified":"2025-12-30T10:32:43","modified_gmt":"2025-12-30T09:32:43","slug":"gioveni-e-villari-msc-pensi-agli-anziani-invece-dei-panini","status":"publish","type":"post","link":"https:\/\/www.messinaoggi.it\/website\/2025\/12\/30\/gioveni-e-villari-msc-pensi-agli-anziani-invece-dei-panini\/","title":{"rendered":"Gioveni e Villari: &#8220;MSC pensi agli anziani invece dei panini&#8221;"},"content":{"rendered":"\n<p>\u201cLa Messina social city offre sempre pi\u00f9 servizi all\u2019utenza (l\u2019ultimo il \u201cMeraVILLE\u201d a villa Sabin), ma quando c\u2019\u00e8 da attivare un nuovo NECESSARIO servizio (e per giunta solo ogni 30 giorni) ad una categoria fragile come quella dei numerosi anziani e disabili di Camaro Inferiore, San Filippo e Massa San Giorgio, fa spallucce disattendendo uno specifico atto di indirizzo del Consiglio Comunale!\u201d<div id=\"div-gpt-ad-Messinaoggi.it-DSK-300x250-corpoart\" style=\"text-align:center;margin:0 auto;\"><\/div><\/p>\n\n\n\n<p>I consiglieri comunali Libero Gioveni (Fratelli d\u2019Italia) e Giuseppe Villari (gruppo misto) contestano l\u2019indifferenza sia istituzionale che sostanziale che l\u2019Amministrazione Basile e la Presidente della Messina social city Valeria Asquini hanno avuto nei confronti dei disagi a cui gli anziani di questi territori stanno andando incontro quasi da 1 anno per la soppressione dei rispettivi uffici postali avvenuta il 20 gennaio scorso.<div id=\"videoincontent\" style=\"clear:both\";><\/div><\/p>\n\n\n\n<p>Infatti \u2013 ricordano Gioveni e Villari \u2013 esattamente il giorno dopo la chiusura dei tre uffici postali (il 21 gennaio) il Civico Consesso aveva approvato all\u2019unanimit\u00e0 (quindi anche con il voto favorevole della maggioranza del sindaco Basile) un atto di indirizzo la cui parte conclusiva riportava:<\/p>\n\n\n\n<p><strong><em>\u201c\u2026.<\/em><\/strong><strong><em>Il Consiglio Comunale<\/em><\/strong><strong><em>\u2026\u2026\u2026\u2026..<\/em><\/strong><em>di dare uno specifico indirizzo alla Messina social city finalizzato, previa presentazione di apposita istanza da parte degli aventi diritto, all\u2019assistenza personale (con cadenza mensile) rivolta alle persone anziane e diversamente abili residenti nei villaggi rimasti scoperti del servizio che non hanno la possibilit\u00e0 di un mezzo proprio o di essere accompagnate dai propri familiari negli uffici postali pi\u00f9 vicini.\u201d<\/em><\/p>\n\n\n\n<p>E invece \u2013 proseguono i due consiglieri \u2013 a distanza di quasi 1 anno da quella votazione d\u2019Aula e dalla chiusura poi avvenuta dei tre uffici postali, non vi \u00e8 traccia dell\u2019avvio di questo prezioso servizio da parte della Messina social city.<\/p>\n\n\n\n<p>Eppure \u2013 aggiungono Gioveni e Villari\u2013 i disagi soprattutto per gli anziani e per le persone con disabilit\u00e0 non potevano che essere inevitabili negli spostamenti agli uffici postali pi\u00f9 vicini a quelli soppressi, soprattutto per coloro i quali non hanno la fortuna di avere degli accompagnatori.<\/p>\n\n\n\n<p>Emerge peraltro anche il dato politico \u2013 insistono i due esponenti di centrodestra \u2013 ossia che una chiara volont\u00e0 politica espressa dal Consiglio Comunale non \u00e8 stata presa in considerazione da questa Amministrazione e ancorch\u00e8 da un\u2019azienda speciale per la quale l\u2019Aula \u00e8 chiamata a breve a rinnovare un contratto di servizio che prevede addirittura di gestire alcuni impianti sportivi o di curare parte del verde pubblico, mentre invece alle necessit\u00e0 di questi anziani e disabili si continua a non pensare affatto, con l\u2019aggravante che la richiesta di assistenza per loro era appunto limitata solo a una volta al mese.<\/p>\n\n\n\n<p>Ci auguriamo quindi \u2013 concludono Gioveni e Villari \u2013 che la Messina social city, rinunciando magari a qualche servizio non ritenuto pienamente necessario (si pensi che in passato a villa Dante si sono spesi soldi anche per i maxi schermi delle partite con tanto di panini imbottiti annessi!!!) e valuti invece, seppur con notevole ritardo, la possibilit\u00e0 di avviare quest\u2019altro servizio rivolto agli anziani e ai disabili \u201cscippati\u201d dei loro storici uffici postali, naturalmente limitato ai casi pi\u00f9 critici.<\/p>\n","protected":false},"excerpt":{"rendered":"<p>\u201cLa Messina social city offre sempre pi\u00f9 servizi all\u2019utenza (l\u2019ultimo il \u201cMeraVILLE\u201d a villa Sabin), ma quando c\u2019\u00e8 da attivare un nuovo NECESSARIO servizio (e per giunta solo ogni 30 giorni) ad una categoria fragile come quella dei numerosi anziani e disabili di Camaro Inferiore, San Filippo e Massa San Giorgio, fa spallucce disattendendo uno [&hellip;]<\/p>\n","protected":false},"author":2,"featured_media":28677,"comment_status":"open","ping_status":"open","sticky":false,"template":"","format":"standard","meta":{"ub_ctt_via":"","_mi_skip_tracking":false},"categories":[6],"tags":[12283,6488,740,1185],"featured_image_src":"https:\/\/www.messinaoggi.it\/website\/wp-content\/uploads\/2019\/01\/Libero-Gioveni.jpg","author_info":{"display_name":"Redazione","author_link":"https:\/\/www.messinaoggi.it\/website\/author\/redazione\/"},"digistream_id":0,"digistream":false,"_links":{"self":[{"href":"https:\/\/www.messinaoggi.it\/website\/wp-json\/wp\/v2\/posts\/257906"}],"collection":[{"href":"https:\/\/www.messinaoggi.it\/website\/wp-json\/wp\/v2\/posts"}],"about":[{"href":"https:\/\/www.messinaoggi.it\/website\/wp-json\/wp\/v2\/types\/post"}],"author":[{"embeddable":true,"href":"https:\/\/www.messinaoggi.it\/website\/wp-json\/wp\/v2\/users\/2"}],"replies":[{"embeddable":true,"href":"https:\/\/www.messinaoggi.it\/website\/wp-json\/wp\/v2\/comments?post=257906"}],"version-history":[{"count":1,"href":"https:\/\/www.messinaoggi.it\/website\/wp-json\/wp\/v2\/posts\/257906\/revisions"}],"predecessor-version":[{"id":257907,"href":"https:\/\/www.messinaoggi.it\/website\/wp-json\/wp\/v2\/posts\/257906\/revisions\/257907"}],"wp:featuredmedia":[{"embeddable":true,"href":"https:\/\/www.messinaoggi.it\/website\/wp-json\/wp\/v2\/media\/28677"}],"wp:attachment":[{"href":"https:\/\/www.messinaoggi.it\/website\/wp-json\/wp\/v2\/media?parent=257906"}],"wp:term":[{"taxonomy":"category","embeddable":true,"href":"https:\/\/www.messinaoggi.it\/website\/wp-json\/wp\/v2\/categories?post=257906"},{"taxonomy":"post_tag","embeddable":true,"href":"https:\/\/www.messinaoggi.it\/website\/wp-json\/wp\/v2\/tags?post=257906"}],"curies":[{"name":"wp","href":"https:\/\/api.w.org\/{rel}","templated":true}]}}