{"id":257883,"date":"2025-12-29T17:06:45","date_gmt":"2025-12-29T16:06:45","guid":{"rendered":"http:\/\/www.messinaoggi.it\/website\/?p=257883"},"modified":"2025-12-29T17:08:16","modified_gmt":"2025-12-29T16:08:16","slug":"amministrative-messina-vertice-del-centro-destra","status":"publish","type":"post","link":"https:\/\/www.messinaoggi.it\/website\/2025\/12\/29\/amministrative-messina-vertice-del-centro-destra\/","title":{"rendered":"Amministrative Messina, vertice del centro-destra"},"content":{"rendered":"\n<p>Proseguono gli incontri del centro-destra di Messina in vista delle elezioni amministrative. Non \u00e8 ancora dato sapere se nel 2026 o nel 2027. Cateno De Luca vorrebbe giocare d&#8217;anticipo per non dare vantaggi agli avversari politici, ma su questo aspetto si sbaglia perch\u00e9 il centro-destra da tempo si sta muovendo per fare sintesi su un nome condiviso.<div id=\"div-gpt-ad-Messinaoggi.it-DSK-300x250-corpoart\" style=\"text-align:center;margin:0 auto;\"><\/div><\/p>\n\n\n\n<p>Contrariamente a quanto affermato questa mattina in conferenza stampa da Cateno De Luca, alla riunione di questa mattina alla quale hanno partecipato Forza Italia, Lega, Fratelli d&#8217;Italia, Noi Moderati e Udc (leggasi Dc), non c&#8217;erano esponenti dei movimenti civici. Non c&#8217;era n\u00e9 Marcello Scurria, n\u00e9 Gaetano Sciacca, i quali seguono un percorso al di fuori dei partiti politici intrapreso da tempo. Non \u00e8 escluso, comunque, che in futuro possa esserci qualche ammiccamento.<div id=\"videoincontent\" style=\"clear:both\";><\/div><\/p>\n\n\n\n<p>La situazione politica a Messina \u00e8 comunque fluida, almeno nel centro-destra, dove le partiti si vedono con costanza e stanno gi\u00e0 lavorando per l&#8217;individuazione di un nome da proporre come alternativa a Federico Basile, espressione della cosiddetta &#8220;Galassia-De Luca&#8221;. <\/p>\n\n\n\n<p>L&#8217;attivismo del centro-destra sta togliendo qualche ora di sonno a Cateno De Luca, il quale proprio oggi ha incassato un brutto colpo a Palermo, dove Renato Schifani ha sgombrato il campo da possibili accordi politici con lo &#8220;Sciamano del Nisi&#8221;. <\/p>\n\n\n\n<p>Lo considera un avversario politico, cos\u00ec ha detto ai giornalisti, dopo che qualche mese fa aveva parlato di &#8220;opposizione costruttiva&#8221;. Schifani, con molta probabilit\u00e0, deve avere rivisto la sua opinione su Cateno De Luca, la cui affidabilit\u00e0 \u00e8 pari a zero.<\/p>\n\n\n\n<p>La partita su Messina \u00e8 aperta. C&#8217;\u00e8 solo da aspettare la data per le elezioni e questo lo si sapr\u00e0 entro la fine di febbraio. Qualora Basile dovesse dimettersi, si voter\u00e0 a giugno 2026; caso contrario si va a scadenza naturale, ovvero giugno 2027.<\/p>\n","protected":false},"excerpt":{"rendered":"<p>Proseguono gli incontri del centro-destra di Messina in vista delle elezioni amministrative. Non \u00e8 ancora dato sapere se nel 2026 o nel 2027. Cateno De Luca vorrebbe giocare d&#8217;anticipo per non dare vantaggi agli avversari politici, ma su questo aspetto si sbaglia perch\u00e9 il centro-destra da tempo si sta muovendo per fare sintesi su un [&hellip;]<\/p>\n","protected":false},"author":2,"featured_media":125949,"comment_status":"open","ping_status":"open","sticky":false,"template":"","format":"standard","meta":{"ub_ctt_via":"","_mi_skip_tracking":false},"categories":[19],"tags":[11953,126,2972,12280],"featured_image_src":"https:\/\/www.messinaoggi.it\/website\/wp-content\/uploads\/2022\/10\/Palazzo-Zanca.jpg","author_info":{"display_name":"Redazione","author_link":"https:\/\/www.messinaoggi.it\/website\/author\/redazione\/"},"digistream_id":0,"digistream":false,"_links":{"self":[{"href":"https:\/\/www.messinaoggi.it\/website\/wp-json\/wp\/v2\/posts\/257883"}],"collection":[{"href":"https:\/\/www.messinaoggi.it\/website\/wp-json\/wp\/v2\/posts"}],"about":[{"href":"https:\/\/www.messinaoggi.it\/website\/wp-json\/wp\/v2\/types\/post"}],"author":[{"embeddable":true,"href":"https:\/\/www.messinaoggi.it\/website\/wp-json\/wp\/v2\/users\/2"}],"replies":[{"embeddable":true,"href":"https:\/\/www.messinaoggi.it\/website\/wp-json\/wp\/v2\/comments?post=257883"}],"version-history":[{"count":1,"href":"https:\/\/www.messinaoggi.it\/website\/wp-json\/wp\/v2\/posts\/257883\/revisions"}],"predecessor-version":[{"id":257886,"href":"https:\/\/www.messinaoggi.it\/website\/wp-json\/wp\/v2\/posts\/257883\/revisions\/257886"}],"wp:featuredmedia":[{"embeddable":true,"href":"https:\/\/www.messinaoggi.it\/website\/wp-json\/wp\/v2\/media\/125949"}],"wp:attachment":[{"href":"https:\/\/www.messinaoggi.it\/website\/wp-json\/wp\/v2\/media?parent=257883"}],"wp:term":[{"taxonomy":"category","embeddable":true,"href":"https:\/\/www.messinaoggi.it\/website\/wp-json\/wp\/v2\/categories?post=257883"},{"taxonomy":"post_tag","embeddable":true,"href":"https:\/\/www.messinaoggi.it\/website\/wp-json\/wp\/v2\/tags?post=257883"}],"curies":[{"name":"wp","href":"https:\/\/api.w.org\/{rel}","templated":true}]}}