{"id":257863,"date":"2025-12-29T15:06:43","date_gmt":"2025-12-29T14:06:43","guid":{"rendered":"https:\/\/www.messinaoggi.it\/website\/2025\/12\/29\/comuni-montani-nessuna-intesa-tra-regioni-calderoli-sposta-scadenza-a-13-gennaio\/"},"modified":"2025-12-29T17:09:05","modified_gmt":"2025-12-29T16:09:05","slug":"comuni-montani-nessuna-intesa-tra-regioni-calderoli-sposta-scadenza-a-13-gennaio","status":"publish","type":"post","link":"https:\/\/www.messinaoggi.it\/website\/2025\/12\/29\/comuni-montani-nessuna-intesa-tra-regioni-calderoli-sposta-scadenza-a-13-gennaio\/","title":{"rendered":"Comuni montani, nessuna intesa tra Regioni. Calderoli sposta scadenza a 13 gennaio"},"content":{"rendered":"<div>ROMA (ITALPRESS) &#8211; Nel corso dell&#8217;odierna seduta di Conferenza Unificata, le Regioni hanno chiesto al ministro Roberto Calderoli una ulteriore proroga dei tempi per quanto riguarda i criteri per la classificazione dei Comuni montani poich\u00e8 la Conferenza delle Regioni non ha raggiunto un&#8217;intesa.<br \/>\nDunque, in assenza di una proposta unitaria da parte delle Regioni, il ministro Calderoli si \u00e8 detto ancora una volta disponibile a un nuovo rinvio e ha fissato la scadenza definitiva al 13 gennaio.<br \/>\n&#8220;L&#8217;obiettivo, come gi\u00e0 ribadito in precedenti occasioni, \u00e8 quello di raggiungere un accordo unitario tra le Regioni, che verr\u00e0 poi sottoposto anche a Province e Comuni &#8211; si legge in una nota -. Il ministro conferma quindi l&#8217;impegno ad ascoltare le esigenze di tutti Enti territoriali e a lavorare per una soluzione condivisa che riconosca e valorizzi le realt\u00e0 davvero montane, nel rispetto della legge 131 e della Costituzione, andando cos\u00ec a risolvere gli evidenti paradossi dell&#8217;elenco attuale. Nel confermare il proprio impegno al dialogo e alla collaborazione, il ministro Calderoli ha nuovamente ribadito agli Enti territoriali la richiesta di seriet\u00e0 per una proposta che rispetti le vere terre alte e soprattutto sottolineato la necessit\u00e0 di una leale collaborazione in questa fase&#8221;.<br \/>\n&#8220;Purtroppo ci sono alcune Regioni che si dicono pubblicamente contrarie ai criteri stabiliti dai 6 esperti ma non partecipano nemmeno ai lavori della commissione tecnica, compromettendo il lavoro di tutte le altre. Il mio auspicio \u00e8 che le Regioni possano riunirsi in maniera costruttiva e che entro il 13 gennaio possa pervenire una proposta condivisa, positiva e di buonsenso per arrivare a un esito il pi\u00f9 possibile trasversale e rappresentativo della vera montagna italiana&#8221;, conclude Calderoli.<div id=\"div-gpt-ad-Messinaoggi.it-DSK-300x250-corpoart\" style=\"text-align:center;margin:0 auto;\"><\/div><\/p>\n<p>&#8211; Foto IPA Agency &#8211;<div id=\"videoincontent\" style=\"clear:both\";><\/div><\/p>\n<p>(ITALPRESS).<\/p><\/div>\n","protected":false},"excerpt":{"rendered":"<p>ROMA (ITALPRESS) &#8211; Nel corso dell&#8217;odierna seduta di Conferenza Unificata, le Regioni hanno chiesto al ministro Roberto Calderoli una ulteriore proroga dei tempi per quanto riguarda i criteri per la classificazione dei Comuni montani poich\u00e8 la Conferenza delle Regioni non ha raggiunto un&#8217;intesa. Dunque, in assenza di una proposta unitaria da parte delle Regioni, il [&hellip;]<\/p>\n","protected":false},"author":18,"featured_media":257864,"comment_status":"closed","ping_status":"closed","sticky":false,"template":"","format":"standard","meta":{"ub_ctt_via":"","_mi_skip_tracking":false},"categories":[446,4],"tags":[783],"featured_image_src":"https:\/\/www.messinaoggi.it\/website\/wp-content\/uploads\/2025\/12\/20251229_1154.jpg","author_info":{"display_name":"Admin","author_link":"https:\/\/www.messinaoggi.it\/website\/author\/admin\/"},"digistream_id":0,"digistream":false,"_links":{"self":[{"href":"https:\/\/www.messinaoggi.it\/website\/wp-json\/wp\/v2\/posts\/257863"}],"collection":[{"href":"https:\/\/www.messinaoggi.it\/website\/wp-json\/wp\/v2\/posts"}],"about":[{"href":"https:\/\/www.messinaoggi.it\/website\/wp-json\/wp\/v2\/types\/post"}],"author":[{"embeddable":true,"href":"https:\/\/www.messinaoggi.it\/website\/wp-json\/wp\/v2\/users\/18"}],"replies":[{"embeddable":true,"href":"https:\/\/www.messinaoggi.it\/website\/wp-json\/wp\/v2\/comments?post=257863"}],"version-history":[{"count":1,"href":"https:\/\/www.messinaoggi.it\/website\/wp-json\/wp\/v2\/posts\/257863\/revisions"}],"predecessor-version":[{"id":257888,"href":"https:\/\/www.messinaoggi.it\/website\/wp-json\/wp\/v2\/posts\/257863\/revisions\/257888"}],"wp:featuredmedia":[{"embeddable":true,"href":"https:\/\/www.messinaoggi.it\/website\/wp-json\/wp\/v2\/media\/257864"}],"wp:attachment":[{"href":"https:\/\/www.messinaoggi.it\/website\/wp-json\/wp\/v2\/media?parent=257863"}],"wp:term":[{"taxonomy":"category","embeddable":true,"href":"https:\/\/www.messinaoggi.it\/website\/wp-json\/wp\/v2\/categories?post=257863"},{"taxonomy":"post_tag","embeddable":true,"href":"https:\/\/www.messinaoggi.it\/website\/wp-json\/wp\/v2\/tags?post=257863"}],"curies":[{"name":"wp","href":"https:\/\/api.w.org\/{rel}","templated":true}]}}