{"id":257843,"date":"2025-12-29T11:57:05","date_gmt":"2025-12-29T10:57:05","guid":{"rendered":"http:\/\/www.messinaoggi.it\/website\/?p=257843"},"modified":"2025-12-29T11:57:07","modified_gmt":"2025-12-29T10:57:07","slug":"citta-metropolitana-oggi-in-aula-la-13-partecipata","status":"publish","type":"post","link":"https:\/\/www.messinaoggi.it\/website\/2025\/12\/29\/citta-metropolitana-oggi-in-aula-la-13-partecipata\/","title":{"rendered":"Citt\u00e0 Metropolitana, oggi in aula la 13. Partecipata"},"content":{"rendered":"\n<p>Si chiamer\u00e0 &#8220;Servizi Sociali Peloritani&#8221; e sar\u00e0 la 13. Partecipata della cosiddetta &#8220;Galassia-De Luca&#8221;. Un nuovo organismo pubblico che sar\u00e0 la &#8220;fotocopia&#8221; della Messina Social City ma che si occuper\u00e0 della gestione dei servizi sociali in tutto il territorio provinciale.<div id=\"div-gpt-ad-Messinaoggi.it-DSK-300x250-corpoart\" style=\"text-align:center;margin:0 auto;\"><\/div><\/p>\n\n\n\n<p>Il progetto, nonostante l&#8217;altol\u00e0 imposto dai sindacati, va avanti speditamente e forse, prima della fine dell&#8217;anno se non ci saranno agguati in aula, vedr\u00e0 la luce.<div id=\"videoincontent\" style=\"clear:both\";><\/div><\/p>\n\n\n\n<p>Con questa azienda speciale sale a 13 il numero delle Partecipate sotto l&#8217;influenza di Cateno De Luca, il quale avr\u00e0 quindi a disposizione un nuovo Cda da nominare e il collegio sindacale. Una Partecipata che avr\u00e0 un ruolo strategico soprattutto sotto il profilo politico. Non solo per le nomine, ma anche per la gestione delle assunzioni. I lavoratori delle Cooperative sociali che da anni garantiscono i servizi, dovranno essere assunti previa selezione dalla nuova azienda speciale. C&#8217;\u00e8 fermento fra i lavoratori, dal momento che non \u00e8 detto che quelli attualmente impegnati possano risultare vincitori della selezione.<\/p>\n","protected":false},"excerpt":{"rendered":"<p>Si chiamer\u00e0 &#8220;Servizi Sociali Peloritani&#8221; e sar\u00e0 la 13. Partecipata della cosiddetta &#8220;Galassia-De Luca&#8221;. Un nuovo organismo pubblico che sar\u00e0 la &#8220;fotocopia&#8221; della Messina Social City ma che si occuper\u00e0 della gestione dei servizi sociali in tutto il territorio provinciale. Il progetto, nonostante l&#8217;altol\u00e0 imposto dai sindacati, va avanti speditamente e forse, prima della fine [&hellip;]<\/p>\n","protected":false},"author":2,"featured_media":244600,"comment_status":"open","ping_status":"open","sticky":false,"template":"","format":"standard","meta":{"ub_ctt_via":"","_mi_skip_tracking":false},"categories":[19],"tags":[2972,12272,4075,12271],"featured_image_src":"https:\/\/www.messinaoggi.it\/website\/wp-content\/uploads\/2025\/07\/Basile-sindaco-metropolitano.jpg","author_info":{"display_name":"Redazione","author_link":"https:\/\/www.messinaoggi.it\/website\/author\/redazione\/"},"digistream_id":0,"digistream":false,"_links":{"self":[{"href":"https:\/\/www.messinaoggi.it\/website\/wp-json\/wp\/v2\/posts\/257843"}],"collection":[{"href":"https:\/\/www.messinaoggi.it\/website\/wp-json\/wp\/v2\/posts"}],"about":[{"href":"https:\/\/www.messinaoggi.it\/website\/wp-json\/wp\/v2\/types\/post"}],"author":[{"embeddable":true,"href":"https:\/\/www.messinaoggi.it\/website\/wp-json\/wp\/v2\/users\/2"}],"replies":[{"embeddable":true,"href":"https:\/\/www.messinaoggi.it\/website\/wp-json\/wp\/v2\/comments?post=257843"}],"version-history":[{"count":1,"href":"https:\/\/www.messinaoggi.it\/website\/wp-json\/wp\/v2\/posts\/257843\/revisions"}],"predecessor-version":[{"id":257844,"href":"https:\/\/www.messinaoggi.it\/website\/wp-json\/wp\/v2\/posts\/257843\/revisions\/257844"}],"wp:featuredmedia":[{"embeddable":true,"href":"https:\/\/www.messinaoggi.it\/website\/wp-json\/wp\/v2\/media\/244600"}],"wp:attachment":[{"href":"https:\/\/www.messinaoggi.it\/website\/wp-json\/wp\/v2\/media?parent=257843"}],"wp:term":[{"taxonomy":"category","embeddable":true,"href":"https:\/\/www.messinaoggi.it\/website\/wp-json\/wp\/v2\/categories?post=257843"},{"taxonomy":"post_tag","embeddable":true,"href":"https:\/\/www.messinaoggi.it\/website\/wp-json\/wp\/v2\/tags?post=257843"}],"curies":[{"name":"wp","href":"https:\/\/api.w.org\/{rel}","templated":true}]}}