{"id":257819,"date":"2025-12-29T10:33:18","date_gmt":"2025-12-29T09:33:18","guid":{"rendered":"http:\/\/www.messinaoggi.it\/website\/?p=257819"},"modified":"2025-12-29T10:33:19","modified_gmt":"2025-12-29T09:33:19","slug":"bernava-confermato-alla-guida-del-conservatorio-corelli","status":"publish","type":"post","link":"https:\/\/www.messinaoggi.it\/website\/2025\/12\/29\/bernava-confermato-alla-guida-del-conservatorio-corelli\/","title":{"rendered":"Bernava confermato alla guida del Conservatorio Corelli"},"content":{"rendered":"\n<p>Egidio Bernava Morante guider\u00e0 il Conservatorio Corelli di Messina fino al dicembre del 2028. La ministra dell\u2019Universit\u00e0 e della Ricerca Anna Maria Bernini, dopo aver valutato la terna di candidati proposta dal Consiglio Accademico ha riconosciuto il grande lavoro fin qui portato avanti con notevoli risultati ed ha confermato l\u2019attuale presidente anche per il prossimo triennio. Il provvedimento di nomina del presidente Bernava, che premia anche le competenze e la lunga esperienza nel settore, \u00e8 stato firmato alla vigilia di Natale.<div id=\"div-gpt-ad-Messinaoggi.it-DSK-300x250-corpoart\" style=\"text-align:center;margin:0 auto;\"><\/div><\/p>\n\n\n\n<p>Nel triennio appena concluso il Conservatorio Corelli di Messina, sotto la guida di Bernava ha potenziato i corsi pi\u00f9 nuovi come jazz, pop rock, musica elettronica e tecnico del suono come risposta ad una domanda sempre maggiore di richieste di ammissione. L\u2019intuizione del presidente inoltre ha consentito importanti progetti di internazionalizzazione che hanno portato alla firma di alcuni protocolli d\u2019intesa con prestigiosi Conservatori d\u2019Europa ed a percorsi di laurea congiunti con l\u2019universit\u00e0 di Hebey. Da oltre un anno \u00e8 stato raggiunto un importante accordo con il pi\u00f9 grande conservatorio della Cina, quello di Pechino (che ha pi\u00f9 di 24 mila studenti). Una visione strategica di ampio respiro che sta portando i docenti del Conservatorio a tenere lezioni e masterclass in Cina e gli studenti e le studentesse cinesi ad approfondire le lezioni a Messina. Il presidente Bernava \u00e8 stato insignito del titolo di professore aggregato all\u2019Universit\u00e0 della musica di Shenzen per lo sviluppo e l\u2019organizzazione delle scuole e delle istituzioni musicali. E\u2019 inoltre presidente regionale dell\u2019Agis Unione Generale dello Spettacolo. In questi anni il Corelli ha aperto le porte alla citt\u00e0 avviando sinergie con altre istituzioni come il Comune di Messina, l\u2019Universit\u00e0, la Prefettura e realizzando progetti e collaborazioni di alto profilo con la partecipazione dell\u2019Orchestra sinfonica del Conservatorio a numerosi eventi e co-produzioni. Infine, dal 2024 la cerimonia d\u2019Inaugurazione dell\u2019anno accademico nel Teatro del Vittorio Emanuale con il concerto conclusivo \u00e8 diventato un evento di prestigio che valorizza i talenti di quella pu\u00f2 essere definita a tutti gli effetti e con orgoglio Universit\u00e0 della musica. E\u2019 su queste basi che la ministra Bernini, accogliendo la richiesta formulata all\u2019unanimit\u00e0 dal parte del Consiglio Accademico per il lavoro svolto con entusiasmo e grande spirito di collaborazione ha confermato Egidio Bernava Morante alla presidenza del Conservatorio Corelli.<div id=\"videoincontent\" style=\"clear:both\";><\/div><\/p>\n","protected":false},"excerpt":{"rendered":"<p>Egidio Bernava Morante guider\u00e0 il Conservatorio Corelli di Messina fino al dicembre del 2028. La ministra dell\u2019Universit\u00e0 e della Ricerca Anna Maria Bernini, dopo aver valutato la terna di candidati proposta dal Consiglio Accademico ha riconosciuto il grande lavoro fin qui portato avanti con notevoli risultati ed ha confermato l\u2019attuale presidente anche per il prossimo [&hellip;]<\/p>\n","protected":false},"author":2,"featured_media":257820,"comment_status":"open","ping_status":"open","sticky":false,"template":"","format":"standard","meta":{"ub_ctt_via":"","_mi_skip_tracking":false},"categories":[5],"tags":[11809,10907,1077],"featured_image_src":"https:\/\/www.messinaoggi.it\/website\/wp-content\/uploads\/2025\/12\/b9cef0ff-42a7-4a34-9273-8d3b60c9be3e.jpg","author_info":{"display_name":"Redazione","author_link":"https:\/\/www.messinaoggi.it\/website\/author\/redazione\/"},"digistream_id":0,"digistream":false,"_links":{"self":[{"href":"https:\/\/www.messinaoggi.it\/website\/wp-json\/wp\/v2\/posts\/257819"}],"collection":[{"href":"https:\/\/www.messinaoggi.it\/website\/wp-json\/wp\/v2\/posts"}],"about":[{"href":"https:\/\/www.messinaoggi.it\/website\/wp-json\/wp\/v2\/types\/post"}],"author":[{"embeddable":true,"href":"https:\/\/www.messinaoggi.it\/website\/wp-json\/wp\/v2\/users\/2"}],"replies":[{"embeddable":true,"href":"https:\/\/www.messinaoggi.it\/website\/wp-json\/wp\/v2\/comments?post=257819"}],"version-history":[{"count":1,"href":"https:\/\/www.messinaoggi.it\/website\/wp-json\/wp\/v2\/posts\/257819\/revisions"}],"predecessor-version":[{"id":257821,"href":"https:\/\/www.messinaoggi.it\/website\/wp-json\/wp\/v2\/posts\/257819\/revisions\/257821"}],"wp:featuredmedia":[{"embeddable":true,"href":"https:\/\/www.messinaoggi.it\/website\/wp-json\/wp\/v2\/media\/257820"}],"wp:attachment":[{"href":"https:\/\/www.messinaoggi.it\/website\/wp-json\/wp\/v2\/media?parent=257819"}],"wp:term":[{"taxonomy":"category","embeddable":true,"href":"https:\/\/www.messinaoggi.it\/website\/wp-json\/wp\/v2\/categories?post=257819"},{"taxonomy":"post_tag","embeddable":true,"href":"https:\/\/www.messinaoggi.it\/website\/wp-json\/wp\/v2\/tags?post=257819"}],"curies":[{"name":"wp","href":"https:\/\/api.w.org\/{rel}","templated":true}]}}