{"id":257759,"date":"2025-12-27T15:06:43","date_gmt":"2025-12-27T14:06:43","guid":{"rendered":"https:\/\/www.messinaoggi.it\/website\/2025\/12\/27\/allegri-leao-out-corsa-champions-difficile-verona-squadra-scorbutica\/"},"modified":"2025-12-27T15:06:43","modified_gmt":"2025-12-27T14:06:43","slug":"allegri-leao-out-corsa-champions-difficile-verona-squadra-scorbutica","status":"publish","type":"post","link":"https:\/\/www.messinaoggi.it\/website\/2025\/12\/27\/allegri-leao-out-corsa-champions-difficile-verona-squadra-scorbutica\/","title":{"rendered":"Allegri \u201cLeao out, corsa Champions difficile, Verona squadra scorbutica\u201d"},"content":{"rendered":"<div>MILANO (ITALPRESS) &#8211; &#8220;<strong><em>I tifosi sono sempre stati molto presenti che siano attesi 73 mila persone \u00e8 una bella cosa&#8221;.<\/em><\/strong> Cos\u00ec <strong>Massimiliano Allegri, tecnico del Milan,<\/strong> in conferenza stampa in vista della sfida contro il <strong>Verona,<\/strong> in programma domani alle 12.30 a <strong>San Siro.<\/strong><div id=\"div-gpt-ad-Messinaoggi.it-DSK-300x250-corpoart\" style=\"text-align:center;margin:0 auto;\"><\/div><\/p>\n<p><em>&#8220;Loro sono una squadra scorbutica e dobbiamo fare una partita ordinata migliorando la fase difensiva che nelle ultime gare \u00e8 un po&#8217; venuta a mancare&#8221;,<\/em> ha detto l&#8217;allenatore rossonero. Sull&#8217;infermeria: <em><strong>&#8220;Leao<\/strong> ha un fastidio che non gli consente di scattare, <strong>Nkunku<\/strong> potr\u00e0 essere utile gi\u00e0 domani, ha grande tecnica e sono molto fiducioso perch\u00e8 \u00e8 in un ambiente che aspetta che lui faccia gol, deve continuare a lavorare come sta lavorando<\/em> &#8211; ha sottolineato Allegri -. <em><strong>Fullkrug<\/strong> \u00e8 contento di essere qui ed \u00e8 molto volenteroso, dal 2 gennaio sar\u00e0 a disposizione. Ha caratteristiche che in squadra non abbiamo. E&#8217; indietro di condizione e ha bisogno di lavorare. <strong>Gabbia,<\/strong> invece, \u00e8 fuori e vedremo se ci sar\u00e0 col Cagliari, senn\u00f2 rientrer\u00e0 con in Genoa. Mentre <strong>Gimenez<\/strong> sta facendo rieducazione alla caviglia&#8221;.<\/em><div id=\"videoincontent\" style=\"clear:both\";><\/div><\/p>\n<p>Sulla corsa per i primi quattro posti: &#8220;<em>E&#8217; una cosa molto difficile arrivarci. E&#8217; importante stare a marzo dentro le prime quattro, o comunque restare attaccati. Da qui ad adesso avremo nove partite, di cui solo tre in casa. Sono due mesi importanti e dobbiamo restare nel gruppo di testa&#8221;.<\/em><\/p>\n<p>Tra i temi analizzati anche quello legato ai centrocampisti: <em><strong>&#8220;Jashari<\/strong> viene da un infortunio, Fofana sta bene ed \u00e8 molto importante e pu\u00f2 fare ancora di pi\u00f9. <strong>Ricci<\/strong> sul mercato? Non si muove, \u00e8 un giocatore affidabile e un ragazzo intelligente, sono molto contento e quando ha giocato ha sempre fatto molto bene. Non c&#8217;\u00e8 possibilit\u00e0 che lasci il Milan&#8221;<\/em>. E ancora: <strong>&#8220;<\/strong><em><strong>Saelemaekers<\/strong> \u00e8 cresciuto molto e pu\u00f2 farlo ancora. <strong>Rabiot<\/strong> ha grande esperienza internazionale, dopo l&#8217;infortunio sta crescendo. <strong>Loftus-Cheek?<\/strong> E&#8217; un giocatore importante per noi. Nei prossimi mesi ci sar\u00e0 bisogno di tutti, dobbiamo avere l&#8217;obiettivo chiaro di giocare la Champions. <strong>Arrivare nelle prime quattro \u00e8 complicato<\/strong>, come ha detto oggi Capello<\/em> &#8211; ha concluso Allegri -. <em>Per arrivarci dobbiamo fare pi\u00f9 punti possibili&#8221;.<br \/>\n<\/em><br \/>\n&#8211; Foto Ipa Agency &#8211;<br \/>\n(ITALPRESS).<\/div>\n","protected":false},"excerpt":{"rendered":"<p>MILANO (ITALPRESS) &#8211; &#8220;I tifosi sono sempre stati molto presenti che siano attesi 73 mila persone \u00e8 una bella cosa&#8221;. Cos\u00ec Massimiliano Allegri, tecnico del Milan, in conferenza stampa in vista della sfida contro il Verona, in programma domani alle 12.30 a San Siro. &#8220;Loro sono una squadra scorbutica e dobbiamo fare una partita ordinata [&hellip;]<\/p>\n","protected":false},"author":18,"featured_media":257760,"comment_status":"closed","ping_status":"closed","sticky":false,"template":"","format":"standard","meta":{"ub_ctt_via":"","_mi_skip_tracking":false},"categories":[446],"tags":[783],"featured_image_src":"https:\/\/www.messinaoggi.it\/website\/wp-content\/uploads\/2025\/12\/20251227_1191.jpg","author_info":{"display_name":"Admin","author_link":"https:\/\/www.messinaoggi.it\/website\/author\/admin\/"},"digistream_id":0,"digistream":false,"_links":{"self":[{"href":"https:\/\/www.messinaoggi.it\/website\/wp-json\/wp\/v2\/posts\/257759"}],"collection":[{"href":"https:\/\/www.messinaoggi.it\/website\/wp-json\/wp\/v2\/posts"}],"about":[{"href":"https:\/\/www.messinaoggi.it\/website\/wp-json\/wp\/v2\/types\/post"}],"author":[{"embeddable":true,"href":"https:\/\/www.messinaoggi.it\/website\/wp-json\/wp\/v2\/users\/18"}],"replies":[{"embeddable":true,"href":"https:\/\/www.messinaoggi.it\/website\/wp-json\/wp\/v2\/comments?post=257759"}],"version-history":[{"count":0,"href":"https:\/\/www.messinaoggi.it\/website\/wp-json\/wp\/v2\/posts\/257759\/revisions"}],"wp:featuredmedia":[{"embeddable":true,"href":"https:\/\/www.messinaoggi.it\/website\/wp-json\/wp\/v2\/media\/257760"}],"wp:attachment":[{"href":"https:\/\/www.messinaoggi.it\/website\/wp-json\/wp\/v2\/media?parent=257759"}],"wp:term":[{"taxonomy":"category","embeddable":true,"href":"https:\/\/www.messinaoggi.it\/website\/wp-json\/wp\/v2\/categories?post=257759"},{"taxonomy":"post_tag","embeddable":true,"href":"https:\/\/www.messinaoggi.it\/website\/wp-json\/wp\/v2\/tags?post=257759"}],"curies":[{"name":"wp","href":"https:\/\/api.w.org\/{rel}","templated":true}]}}