{"id":257681,"date":"2025-12-26T10:45:41","date_gmt":"2025-12-26T09:45:41","guid":{"rendered":"http:\/\/www.messinaoggi.it\/website\/?p=257681"},"modified":"2025-12-26T10:45:42","modified_gmt":"2025-12-26T09:45:42","slug":"125-anni-di-storia-del-messina-mostra-temporanea-al-palacultura","status":"publish","type":"post","link":"https:\/\/www.messinaoggi.it\/website\/2025\/12\/26\/125-anni-di-storia-del-messina-mostra-temporanea-al-palacultura\/","title":{"rendered":"125 anni di storia del Messina, mostra temporanea al Palacultura"},"content":{"rendered":"\n<p><strong>La Societ\u00e0 Cooperativa Calcio Messina<\/strong> promuove una mostra temporanea in occasione del 125\u00b0 anniversario della nascita del Messina Fc.<br>L&#8217;evento si terr\u00e0\u00a0<strong>luned\u00ec 29 e marted\u00ec 30 dicembre presso il PalaCultura\u00a0<\/strong>\u00abAntonello da Messina\u00bb, con taglio del nastro previsto per la giornata di luned\u00ec alle ore 11.\u00a0<br>Foto, maglie, cimeli e una &#8220;montagna&#8221; di ricordi saranno presenti nelle due giorni del PalaCultura.\u00a0<br>Fra i diversi appuntamenti in programma, previsto per le 18.30 di luned\u00ec l&#8217;intervento di Marco Boncoddo &#8211; autore del libro \u00a0\u201cFairplay, \u00a0I \u2018ngrisi del Messina Football Club\u201d &#8211; il quale ripercorrer\u00e0 le tappe che hanno portato alla nascita del calcio nella citt\u00e0 dello Stretto.<br>Sar\u00e0, inoltre, consegnata la tessera di Socio Onorario della Cooperativa ad Alessandro Parisi, uno dei calciatori pi\u00f9 rappresentativi della recente storia del calcio messinese e attuale allenatore dell&#8217;under 19 peloritana.<br>Marted\u00ec 30, alle 11, previsto anche un evento dedicato ai pi\u00f9 piccoli: \u00abdisegna tu la maglia del Messina\u00bb. Una sorta di concorso riservato ai giovanissimi che potranno sbizzarrirsi e ideare la maglia Biancoscudata. I vincitori saranno omaggiati con dei tagliandi d&#8217;ingresso, allo stadio \u00abFranco Scoglio\u00bb, offerti dalla Cooperativa.<br>Alla Mostra Temporanea sono stati inviati dirigenti e tesserati dell&#8217;Acr Messina. Sar\u00e0 un modo per incontrare esponenti della societ\u00e0 e calciatori che tanto bene si stanno comportando nell&#8217;anno che segner\u00e0 la vera rinascita del calcio cittadino.\u00a0Cogliamo l&#8217;occasione, infine, per augurare a Voi e alle Vostre famiglie buone feste e un sereno Natale.<div id=\"div-gpt-ad-Messinaoggi.it-DSK-300x250-corpoart\" style=\"text-align:center;margin:0 auto;\"><\/div><\/p>\n<div id=\"videoincontent\" style=\"clear:both\";><\/div>","protected":false},"excerpt":{"rendered":"<p>La Societ\u00e0 Cooperativa Calcio Messina promuove una mostra temporanea in occasione del 125\u00b0 anniversario della nascita del Messina Fc.L&#8217;evento si terr\u00e0\u00a0luned\u00ec 29 e marted\u00ec 30 dicembre presso il PalaCultura\u00a0\u00abAntonello da Messina\u00bb, con taglio del nastro previsto per la giornata di luned\u00ec alle ore 11.\u00a0Foto, maglie, cimeli e una &#8220;montagna&#8221; di ricordi saranno presenti nelle due [&hellip;]<\/p>\n","protected":false},"author":2,"featured_media":257682,"comment_status":"open","ping_status":"open","sticky":false,"template":"","format":"standard","meta":{"ub_ctt_via":"","_mi_skip_tracking":false},"categories":[5],"tags":[12241,151,12240],"featured_image_src":"https:\/\/www.messinaoggi.it\/website\/wp-content\/uploads\/2025\/12\/Locandina_Mostra_Temporanea.jpg","author_info":{"display_name":"Redazione","author_link":"https:\/\/www.messinaoggi.it\/website\/author\/redazione\/"},"digistream_id":0,"digistream":false,"_links":{"self":[{"href":"https:\/\/www.messinaoggi.it\/website\/wp-json\/wp\/v2\/posts\/257681"}],"collection":[{"href":"https:\/\/www.messinaoggi.it\/website\/wp-json\/wp\/v2\/posts"}],"about":[{"href":"https:\/\/www.messinaoggi.it\/website\/wp-json\/wp\/v2\/types\/post"}],"author":[{"embeddable":true,"href":"https:\/\/www.messinaoggi.it\/website\/wp-json\/wp\/v2\/users\/2"}],"replies":[{"embeddable":true,"href":"https:\/\/www.messinaoggi.it\/website\/wp-json\/wp\/v2\/comments?post=257681"}],"version-history":[{"count":1,"href":"https:\/\/www.messinaoggi.it\/website\/wp-json\/wp\/v2\/posts\/257681\/revisions"}],"predecessor-version":[{"id":257683,"href":"https:\/\/www.messinaoggi.it\/website\/wp-json\/wp\/v2\/posts\/257681\/revisions\/257683"}],"wp:featuredmedia":[{"embeddable":true,"href":"https:\/\/www.messinaoggi.it\/website\/wp-json\/wp\/v2\/media\/257682"}],"wp:attachment":[{"href":"https:\/\/www.messinaoggi.it\/website\/wp-json\/wp\/v2\/media?parent=257681"}],"wp:term":[{"taxonomy":"category","embeddable":true,"href":"https:\/\/www.messinaoggi.it\/website\/wp-json\/wp\/v2\/categories?post=257681"},{"taxonomy":"post_tag","embeddable":true,"href":"https:\/\/www.messinaoggi.it\/website\/wp-json\/wp\/v2\/tags?post=257681"}],"curies":[{"name":"wp","href":"https:\/\/api.w.org\/{rel}","templated":true}]}}