{"id":257676,"date":"2025-12-26T10:40:57","date_gmt":"2025-12-26T09:40:57","guid":{"rendered":"http:\/\/www.messinaoggi.it\/website\/?p=257676"},"modified":"2025-12-26T10:41:00","modified_gmt":"2025-12-26T09:41:00","slug":"musica-al-mercato-muricello-due-giornate-indimenticabili","status":"publish","type":"post","link":"https:\/\/www.messinaoggi.it\/website\/2025\/12\/26\/musica-al-mercato-muricello-due-giornate-indimenticabili\/","title":{"rendered":"Musica al Mercato Muricello: due giornate indimenticabili"},"content":{"rendered":"\n<p>Il 22 e 23 dicembre sono state due giornate indimenticabili, ricche di emozioni, musica, sorrisi e condivisione.\u00a0\u00a0<div id=\"div-gpt-ad-Messinaoggi.it-DSK-300x250-corpoart\" style=\"text-align:center;margin:0 auto;\"><\/div><\/p>\n\n\n\n<p>Un evento fortemente voluto, ideato e organizzato da Franco Laimo, insieme a Claudia Lo Cascio con la compartecipazione del Comune di Messina e la collaborazione della Presidente dell&#8217;Associazione Mercato Muricello , con l\u2019obiettivo di far rivivere il cuore dello stesso Mercato Muricello in un\u2019atmosfera natalizia calda, accogliente e partecipata.<br>Un grazie sincero all\u2019Amministrazione Comunale, al Sindaco Federico Basile, agli Assessori Massimo Finocchiaro e Liana Cannata per il sostegno e la collaborazione concreta.\u00a0\u00a0Un ringraziamento speciale all\u2019Avv. Mariana Carbone, Presidente dell&#8217;Associazione Mercato Muricello Coperto, per la disponibilit\u00e0 e la presenza costante.<div id=\"videoincontent\" style=\"clear:both\";><\/div><\/p>\n\n\n\n<p>Un grazie profondo all\u2019Associazione &#8220;Il Sogno di Morgan\u201d, che con i suoi ragazzi speciali ha portato sul palco l\u2019emozione vera dell\u2019inclusione, ricordandoci quanto siano fondamentali tutte le realt\u00e0 sociali e associative non a scopo di lucro del nostro territorio, ed alla Dott.ssa Antonella Gargano che ha coordinato e seguito l&#8217;esibizione artistica dei ragazzi speciali.<br>Un grazie all\u2019animazione bimbi a cura di Studio Party di Giusy Rodi, che ha fatto divertire i pi\u00f9 piccoli.<br>Due giorni di Musica, il luned\u00ec 22 dicembre con il duo Musicale Franco Laimo &amp; Claudia Lo Cascio ed il marted\u00ec 23 con la Kilometro Zero Live band.<\/p>\n","protected":false},"excerpt":{"rendered":"<p>Il 22 e 23 dicembre sono state due giornate indimenticabili, ricche di emozioni, musica, sorrisi e condivisione.\u00a0\u00a0 Un evento fortemente voluto, ideato e organizzato da Franco Laimo, insieme a Claudia Lo Cascio con la compartecipazione del Comune di Messina e la collaborazione della Presidente dell&#8217;Associazione Mercato Muricello , con l\u2019obiettivo di far rivivere il cuore [&hellip;]<\/p>\n","protected":false},"author":2,"featured_media":257677,"comment_status":"open","ping_status":"open","sticky":false,"template":"","format":"standard","meta":{"ub_ctt_via":"","_mi_skip_tracking":false},"categories":[5],"tags":[12239,1792,12238],"featured_image_src":"https:\/\/www.messinaoggi.it\/website\/wp-content\/uploads\/2025\/12\/1000508867.jpg","author_info":{"display_name":"Redazione","author_link":"https:\/\/www.messinaoggi.it\/website\/author\/redazione\/"},"digistream_id":0,"digistream":false,"_links":{"self":[{"href":"https:\/\/www.messinaoggi.it\/website\/wp-json\/wp\/v2\/posts\/257676"}],"collection":[{"href":"https:\/\/www.messinaoggi.it\/website\/wp-json\/wp\/v2\/posts"}],"about":[{"href":"https:\/\/www.messinaoggi.it\/website\/wp-json\/wp\/v2\/types\/post"}],"author":[{"embeddable":true,"href":"https:\/\/www.messinaoggi.it\/website\/wp-json\/wp\/v2\/users\/2"}],"replies":[{"embeddable":true,"href":"https:\/\/www.messinaoggi.it\/website\/wp-json\/wp\/v2\/comments?post=257676"}],"version-history":[{"count":1,"href":"https:\/\/www.messinaoggi.it\/website\/wp-json\/wp\/v2\/posts\/257676\/revisions"}],"predecessor-version":[{"id":257678,"href":"https:\/\/www.messinaoggi.it\/website\/wp-json\/wp\/v2\/posts\/257676\/revisions\/257678"}],"wp:featuredmedia":[{"embeddable":true,"href":"https:\/\/www.messinaoggi.it\/website\/wp-json\/wp\/v2\/media\/257677"}],"wp:attachment":[{"href":"https:\/\/www.messinaoggi.it\/website\/wp-json\/wp\/v2\/media?parent=257676"}],"wp:term":[{"taxonomy":"category","embeddable":true,"href":"https:\/\/www.messinaoggi.it\/website\/wp-json\/wp\/v2\/categories?post=257676"},{"taxonomy":"post_tag","embeddable":true,"href":"https:\/\/www.messinaoggi.it\/website\/wp-json\/wp\/v2\/tags?post=257676"}],"curies":[{"name":"wp","href":"https:\/\/api.w.org\/{rel}","templated":true}]}}