{"id":257648,"date":"2025-12-24T09:22:21","date_gmt":"2025-12-24T08:22:21","guid":{"rendered":"http:\/\/www.messinaoggi.it\/website\/?p=257648"},"modified":"2025-12-24T09:22:23","modified_gmt":"2025-12-24T08:22:23","slug":"citta-metropolitana-aderisce-al-progetto-liberi-di-scegliere","status":"publish","type":"post","link":"https:\/\/www.messinaoggi.it\/website\/2025\/12\/24\/citta-metropolitana-aderisce-al-progetto-liberi-di-scegliere\/","title":{"rendered":"Citt\u00e0 Metropolitana aderisce al progetto &#8220;Liberi di scegliere&#8221;"},"content":{"rendered":"\n<p>In un contesto in cui la tutela dei minori pi\u00f9 vulnerabili rappresenta una priorit\u00e0, la Citt\u00e0 Metropolitana di Messina compie una scelta netta e inequivocabile aderendo al programma regionale<strong> \u201cLiberi di scegliere\u201d<\/strong>. L\u2019iniziativa, fortemente voluta dal sindaco metropolitano Federico Basile, mira a rafforzare gli strumenti di protezione e inclusione sociale, interrompendo il circolo vizioso tra povert\u00e0 educativa e devianza minorile.<div id=\"div-gpt-ad-Messinaoggi.it-DSK-300x250-corpoart\" style=\"text-align:center;margin:0 auto;\"><\/div><\/p>\n\n\n\n<p>La Regione Siciliana ha assegnato a Palazzo dei Leoni un finanziamento di <strong>193.079 euro<\/strong>, calcolato sulla base di criteri oggettivi quali popolazione minorile, indicatori di criminalit\u00e0 e livelli di dispersione scolastica.<br>Queste risorse saranno destinate a progetti educativi, di tutela e di inclusione sociale, calibrati sulle esigenze dei territori e delle famiglie coinvolte.<br>Il programma \u201cLiberi di scegliere\u201d promuove un modello integrato di intervento che comprende tutela, educazione, accompagnamento psicologico e sociale, sostegno scolastico, abitativo e lavorativo.<br>I destinatari principali sono i minori provenienti da contesti familiari legati alla criminalit\u00e0 organizzata, i figli di indagati o condannati per reati di mafia e i giovani adulti cresciuti in ambienti segnati da condizionamenti criminali.<br>L\u2019obiettivo \u00e8 quello di costruire percorsi di emancipazione reali, capaci di offrire ai giovani un futuro libero da vincoli e destini imposti.<br>Un\u2019attenzione particolare sar\u00e0 dedicata alla mobilit\u00e0 protetta e alla continuit\u00e0 educativa, elementi essenziali per garantire un cambiamento stabile e duraturo. Non si tratta soltanto di trasferire persone, ma di creare le condizioni per un nuovo inizio fondato su protezione, educazione e integrazione sociale.<br>Per assicurare un\u2019azione coordinata ed efficace, l&#8217;ex Provincia operer\u00e0 in stretta sinergia con l\u2019Assessorato alle Politiche Sociali del Comune di Messina, guidato dall\u2019assessore Alessandra Calafiore, che coordiner\u00e0 le attivit\u00e0 territoriali in collaborazione con la Regione Siciliana, l\u2019Assessorato Regionale dell\u2019Istruzione e della Formazione Professionale e l\u2019Ufficio Scolastico Regionale.<br>Sar\u00e0 inoltre attivata una rete operativa locale capace di intercettare tempestivamente i segnali di vulnerabilit\u00e0 e costruire percorsi di tutela prima che le situazioni diventino irreversibili.<br>\u00abL\u2019adesione al programma &#8220;Liberi di scegliere&#8221; \u2013 <strong>ha dichiarato il sindaco metropolitano Federico Basile<\/strong> \u2013 rappresenta una scelta forte e convinta. In un territorio come il nostro, dove troppo spesso la criminalit\u00e0 tenta di determinare i destini delle persone, vogliamo dimostrare che esiste sempre una via d\u2019uscita. Con questo programma sosteniamo i minori e le famiglie che scelgono di rompere con il passato e di costruire un futuro fatto di libert\u00e0, educazione e opportunit\u00e0. Con l\u2019impegno e il coraggio di tutti, possiamo davvero cambiare il destino dei nostri ragazzi\u00bb.<br>\u00abDal punto di vista amministrativo e gestionale \u2013 <strong>ha aggiunto il direttore generale Giuseppe Campagna<\/strong> \u2013 il progetto ci pone davanti a una sfida complessa, che richiede interventi integrati capaci di tenere insieme protezione dei minori, sostegno alle famiglie, contrasto alla dispersione scolastica e percorsi di inclusione sociale e lavorativa. Il nostro obiettivo \u00e8 trasformare una norma e un finanziamento in azioni concrete, misurabili nei risultati e percepibili dalle persone coinvolte\u00bb.<div id=\"videoincontent\" style=\"clear:both\";><\/div><\/p>\n\n\n\n<p>\u00abL&#8217;iniziativa \u2013 <strong>ha sottolineato l\u2019assessore Alessandra Calafiore<\/strong> \u2013 costituisce un investimento prezioso sul futuro dei giovani e sulla tenuta sociale del territorio. &#8220;Liberi di scegliere&#8221; non \u00e8 soltanto un programma di tutela, ma un percorso di emancipazione che restituisce dignit\u00e0 e prospettive concrete a chi rischia di rimanere intrappolato in contesti segnati dalla devianza. Per garantire la massima efficacia degli interventi sar\u00e0 istituito un tavolo tecnico che coinvolger\u00e0 i Comuni della Citt\u00e0 Metropolitana e tutti gli enti impegnati nella realizzazione del progetto, dando vita a una vera e propria alleanza istituzionale, capace di intercettare i bisogni e trasformarli in opportunit\u00e0 di crescita e inclusione\u00bb.<\/p>\n","protected":false},"excerpt":{"rendered":"<p>In un contesto in cui la tutela dei minori pi\u00f9 vulnerabili rappresenta una priorit\u00e0, la Citt\u00e0 Metropolitana di Messina compie una scelta netta e inequivocabile aderendo al programma regionale \u201cLiberi di scegliere\u201d. L\u2019iniziativa, fortemente voluta dal sindaco metropolitano Federico Basile, mira a rafforzare gli strumenti di protezione e inclusione sociale, interrompendo il circolo vizioso tra [&hellip;]<\/p>\n","protected":false},"author":2,"featured_media":6381,"comment_status":"open","ping_status":"open","sticky":false,"template":"","format":"standard","meta":{"ub_ctt_via":"","_mi_skip_tracking":false},"categories":[6],"tags":[4685,2343,12229],"featured_image_src":"https:\/\/www.messinaoggi.it\/website\/wp-content\/uploads\/2017\/08\/Palazzo-dei-Leoni-sede-provincia-2.jpg","author_info":{"display_name":"Redazione","author_link":"https:\/\/www.messinaoggi.it\/website\/author\/redazione\/"},"digistream_id":0,"digistream":false,"_links":{"self":[{"href":"https:\/\/www.messinaoggi.it\/website\/wp-json\/wp\/v2\/posts\/257648"}],"collection":[{"href":"https:\/\/www.messinaoggi.it\/website\/wp-json\/wp\/v2\/posts"}],"about":[{"href":"https:\/\/www.messinaoggi.it\/website\/wp-json\/wp\/v2\/types\/post"}],"author":[{"embeddable":true,"href":"https:\/\/www.messinaoggi.it\/website\/wp-json\/wp\/v2\/users\/2"}],"replies":[{"embeddable":true,"href":"https:\/\/www.messinaoggi.it\/website\/wp-json\/wp\/v2\/comments?post=257648"}],"version-history":[{"count":1,"href":"https:\/\/www.messinaoggi.it\/website\/wp-json\/wp\/v2\/posts\/257648\/revisions"}],"predecessor-version":[{"id":257649,"href":"https:\/\/www.messinaoggi.it\/website\/wp-json\/wp\/v2\/posts\/257648\/revisions\/257649"}],"wp:featuredmedia":[{"embeddable":true,"href":"https:\/\/www.messinaoggi.it\/website\/wp-json\/wp\/v2\/media\/6381"}],"wp:attachment":[{"href":"https:\/\/www.messinaoggi.it\/website\/wp-json\/wp\/v2\/media?parent=257648"}],"wp:term":[{"taxonomy":"category","embeddable":true,"href":"https:\/\/www.messinaoggi.it\/website\/wp-json\/wp\/v2\/categories?post=257648"},{"taxonomy":"post_tag","embeddable":true,"href":"https:\/\/www.messinaoggi.it\/website\/wp-json\/wp\/v2\/tags?post=257648"}],"curies":[{"name":"wp","href":"https:\/\/api.w.org\/{rel}","templated":true}]}}