{"id":25764,"date":"2018-10-20T10:51:24","date_gmt":"2018-10-20T08:51:24","guid":{"rendered":"http:\/\/www.messinaoggi.it\/website\/?p=25764"},"modified":"2018-10-20T10:51:24","modified_gmt":"2018-10-20T08:51:24","slug":"servizi-sociali-uil-fpl-con-i-tagli-gli-ultimi-rimarranno-ultimi","status":"publish","type":"post","link":"https:\/\/www.messinaoggi.it\/website\/2018\/10\/20\/servizi-sociali-uil-fpl-con-i-tagli-gli-ultimi-rimarranno-ultimi\/","title":{"rendered":"Servizi sociali, Uil-Fpl: &quot;Con i tagli gli ultimi rimarranno ultimi&quot;"},"content":{"rendered":"<p style=\"text-align: justify;\">\u201cCon la prevista riduzione, da parte del Sindaco e dell\u2019Amministrazione De Luca, del 50% della spesa che il Comune sostiene per i servizi sociali, gli ultimi rimarranno ultimi. A repentaglio sono servizi e posti di lavoro. In una citt\u00e0 come Messina che per i servizi sociali gi\u00e0 spende una quota tra le pi\u00f9 basse d\u2019Italia, non \u00e8 accettabile fare bancomat a discapito delle fasce di popolazione pi\u00f9 deboli\u201d.<div id=\"div-gpt-ad-Messinaoggi.it-DSK-300x250-corpoart\" style=\"text-align:center;margin:0 auto;\"><\/div><\/p>\n<p style=\"text-align: justify;\">Lo scrivono in una nota stampa Pippo Calapai e Laura Strano, rispettivamente segretario generale e responsabile Terzo Settore della Uil-Fpl di Messina.<div id=\"videoincontent\" style=\"clear:both\";><\/div><\/p>\n<p style=\"text-align: justify;\">\u201cComunicare alla citt\u00e0 che si tagliano ingenti somme e poi affermare che nessun posto di lavoro si perder\u00e0 \u2013 aggiungono i sindacalisti \u2013 equivale semplicemente a dire che, nella migliore delle ipotesi, stipendi e servizi saranno dimezzati, in un quadro sempre pi\u00f9 desolante e che di chiaro ad oggi ha solo il taglio di risorse. Quali sono in dettaglio i servizi da tagliare e qual\u2019 \u00e8 il progetto e cosa accadr\u00e0 il 31 dicembre 2018, termine di scadenza della maggior parte dei servizi? Che fine faranno dal 1\u00b0 gennaio 2019 tutti gli operatori che saranno licenziati o avranno stipendi da fame nel caso in cui si proceda al taglio delle ore di lavoro? E dove andranno gli anziani ospiti di Casa Serena? E gli asili comunali che andavano aumentati? L\u2019Amministrazione De Luca ha ben valutato i gravi disagi che questi tagli arrecheranno agli utenti dei servizi, alle loro famiglie, ai numerosi lavoratori impiegati nei servizi che perderanno il posto di lavoro o si vedranno dimezzata la retribuzione e alle rispettive famiglie?\u201d<\/p>\n<p style=\"text-align: justify;\">Calapai e Strano poi affrontano il tema dei soldi spesi da Palazzo Zanca per Casa Serena. \u201cE cosa ne sar\u00e0 di Casa Serena dopo che il Comune vi ha speso oltre un milione di euro?<\/p>\n<p style=\"text-align: justify;\">La struttura non solo non va chiusa ma va potenziata proprio per efficientarne i costi integrandovi in loco anche altri servizi socio assistenziali.<\/p>\n<p style=\"text-align: justify;\">Quali sono i servizi sociali che salver\u00e0 il \u2018Piano Ammazza Messina\u2019 non \u00e8 chiaro. L\u2019unica cosa chiara \u00e8 il taglio e che ad oggi manca un censimento dei bisogni, manca la nuova programmazione e nel frattempo non vi \u00e8 alcuna garanzia di continuit\u00e0 dei servizi, che vanno indubbiamente razionalizzati, migliorati, organizzati, comunicati alla cittadinanza in modo chiaro, uniforme e trasparente, perch\u00e9 tutti sappiano, ma certamente non eliminati.<\/p>\n<p style=\"text-align: justify;\">La UILFPL che non ha scheletri negli armadi ha pi\u00f9 volte denunciato in passato i bandi di gara mal redatti, la mancata attuazione di misure anticorruzione e trasparenza, la mancanza di disposizioni organizzative che avrebbero dovuto evitare al Dipartimento la commistione di interessi che hanno sicuramente nuociuto negli anni all\u2019efficacia e all\u2019efficienza dei servizi, limitando i doverosi controlli sull\u2019osservanza delle disposizioni dei capitolati e sulla qualit\u00e0 dei servizi. Le nostre proposte di rotazione dei funzionari, di modifica dei bandi, le richieste di pubblicazione dei procedimenti dei servizi sociali ad oggi inevase, sono state e rimangono costanti e non comportano costi aggiuntivi. Ci risulta siano state inspiegabilmente sospese due gare d\u2019appalto finanziate con Fondi PAC: l\u2019 \u201cassistenza domiciliare socio-assistenziale per anziani non autosufficienti\u201d (importo di gara euro 1.163.550,40) e l\u2019\u201cassistenza domiciliare socio-assistenziale integrata con servizi sanitari del Distretto D26\u201d (importo a base d\u2019asta euro 3.779.085,45).<\/p>\n<p style=\"text-align: justify;\">Queste risorse provenienti dai Fondi PAC ci risulta non possano essere utilizzate per altre finalit\u00e0 e quindi senza una celere conclusione delle gare rischiano, se non spese, di andare perdute, con una assurda perdita di servizi e perdita di occupazione per gli operatori gi\u00e0 licenziati, gi\u00e0 penalizzati, recentemente riqualificatisi e per i quali \u00e8 stata prevista nel bando la clausola sociale. Non vorremmo che il Salva Messina diventi per le fasce pi\u00f9 deboli una punizione per un crimine che non ha mai commesso e che dovrebbe essere pagato da altri.<\/p>\n<p style=\"text-align: justify;\">Trovi l\u2019Amministrazione la soluzione per garantire la continuit\u00e0 ai servizi, ottimizzando s\u00ec ma non riducendo queste risorse gi\u00e0 scarse e attingendo altrove, perch\u00e9 il baratro economico in cui versa la citt\u00e0 deve pagarlo chi ha sbagliato e chi ne pu\u00f2 sopportare l\u2019onere, perch\u00e9 di questo baratro c\u2019\u00e8 gente che si \u00e8 arricchita.<\/p>\n<p style=\"text-align: justify;\">In data 31 ottobre alle ore 10 a Piazza Municipio , lavoratrici e lavoratori delle cooperative sociali, utenti dei servizi e rispettive famiglie, siete invitate\/i a partecipare all\u2019assemblea CGIL e UIL per protestare contro i pesanti tagli alla spesa sociale e per difendere continuit\u00e0 dei servizi sociali e piena occupazione per gli operatori\u201d.<\/p>\n<p style=\"text-align: justify;\">Messina l\u00ec 20 ottobre 2018-10-20<\/p>\n<p style=\"text-align: justify;\">l\u2019ufficio stampa<\/p>\n","protected":false},"excerpt":{"rendered":"<p>\u201cCon la prevista riduzione, da parte del Sindaco e dell\u2019Amministrazione De Luca, del 50% della spesa che il Comune sostiene per i servizi sociali, gli ultimi rimarranno ultimi. A repentaglio sono servizi e posti di lavoro. In una citt\u00e0 come Messina che per i servizi sociali gi\u00e0 spende una quota tra le pi\u00f9 basse d\u2019Italia, [&hellip;]<\/p>\n","protected":false},"author":2,"featured_media":1634,"comment_status":"closed","ping_status":"open","sticky":false,"template":"","format":"standard","meta":{"ub_ctt_via":"","_mi_skip_tracking":false},"categories":[5],"tags":[],"featured_image_src":"https:\/\/www.messinaoggi.it\/website\/wp-content\/uploads\/2017\/06\/Calapai-Pippo-2.jpg","author_info":{"display_name":"Redazione","author_link":"https:\/\/www.messinaoggi.it\/website\/author\/redazione\/"},"digistream_id":0,"digistream":false,"_links":{"self":[{"href":"https:\/\/www.messinaoggi.it\/website\/wp-json\/wp\/v2\/posts\/25764"}],"collection":[{"href":"https:\/\/www.messinaoggi.it\/website\/wp-json\/wp\/v2\/posts"}],"about":[{"href":"https:\/\/www.messinaoggi.it\/website\/wp-json\/wp\/v2\/types\/post"}],"author":[{"embeddable":true,"href":"https:\/\/www.messinaoggi.it\/website\/wp-json\/wp\/v2\/users\/2"}],"replies":[{"embeddable":true,"href":"https:\/\/www.messinaoggi.it\/website\/wp-json\/wp\/v2\/comments?post=25764"}],"version-history":[{"count":0,"href":"https:\/\/www.messinaoggi.it\/website\/wp-json\/wp\/v2\/posts\/25764\/revisions"}],"wp:featuredmedia":[{"embeddable":true,"href":"https:\/\/www.messinaoggi.it\/website\/wp-json\/wp\/v2\/media\/1634"}],"wp:attachment":[{"href":"https:\/\/www.messinaoggi.it\/website\/wp-json\/wp\/v2\/media?parent=25764"}],"wp:term":[{"taxonomy":"category","embeddable":true,"href":"https:\/\/www.messinaoggi.it\/website\/wp-json\/wp\/v2\/categories?post=25764"},{"taxonomy":"post_tag","embeddable":true,"href":"https:\/\/www.messinaoggi.it\/website\/wp-json\/wp\/v2\/tags?post=25764"}],"curies":[{"name":"wp","href":"https:\/\/api.w.org\/{rel}","templated":true}]}}