{"id":257558,"date":"2025-12-23T09:10:12","date_gmt":"2025-12-23T08:10:12","guid":{"rendered":"http:\/\/www.messinaoggi.it\/website\/?p=257558"},"modified":"2025-12-23T09:10:14","modified_gmt":"2025-12-23T08:10:14","slug":"autorita-portuale-barbera-entra-nel-comitato-di-gestione","status":"publish","type":"post","link":"https:\/\/www.messinaoggi.it\/website\/2025\/12\/23\/autorita-portuale-barbera-entra-nel-comitato-di-gestione\/","title":{"rendered":"Autorit\u00e0 portuale, Barbera entra nel Comitato di gestione"},"content":{"rendered":"\n<p>L\u2019avvocato Antonio Barbera \u00e8 stato designato, dal Presidente Renato Schifani, quale rappresentante della Regione Siciliana nel Comitato di gestione dell\u2019Autorit\u00e0 Portuale di Messina. Il governatore lo ha comunicato al Commissario straordinario dell\u2019Autorit\u00e0 di Sistema portuale dello Stretto, Francesco Rizzo.<div id=\"div-gpt-ad-Messinaoggi.it-DSK-300x250-corpoart\" style=\"text-align:center;margin:0 auto;\"><\/div><\/p>\n\n\n\n<p>\u201cSiamo soddisfatti che il Presidente della Regione abbia scelto il nostro segretario per un ruolo cos\u00ec strategico per lo sviluppo futuro e le nuove progettualit\u00e0 portuali della nostra citt\u00e0, e per questo riconoscimento intendiamo ringraziarlo\u201d, afferma <strong>Alberto Vermiglio<\/strong>, portavoce della sezione messinese di Forza Italia. \u201cSiamo lieti che questa scelta \u2013 aggiunge &#8211; sia stata sostenuta dalla Sottosegretaria Matilde Siracusano, che continua a dimostrare la sua attenzione per Messina, contribuendo a irrobustire le nostre istituzioni con la presenza di professionalit\u00e0 messinesi. Siamo certi che Barbera costituir\u00e0 un valore aggiunto per l&#8217;Autorit\u00e0 di Sistema\u201d.<div id=\"videoincontent\" style=\"clear:both\";><\/div><\/p>\n","protected":false},"excerpt":{"rendered":"<p>L\u2019avvocato Antonio Barbera \u00e8 stato designato, dal Presidente Renato Schifani, quale rappresentante della Regione Siciliana nel Comitato di gestione dell\u2019Autorit\u00e0 Portuale di Messina. Il governatore lo ha comunicato al Commissario straordinario dell\u2019Autorit\u00e0 di Sistema portuale dello Stretto, Francesco Rizzo. \u201cSiamo soddisfatti che il Presidente della Regione abbia scelto il nostro segretario per un ruolo cos\u00ec [&hellip;]<\/p>\n","protected":false},"author":2,"featured_media":257559,"comment_status":"open","ping_status":"open","sticky":false,"template":"","format":"standard","meta":{"ub_ctt_via":"","_mi_skip_tracking":false},"categories":[6],"tags":[4491,12207,12208],"featured_image_src":"https:\/\/www.messinaoggi.it\/website\/wp-content\/uploads\/2025\/12\/Antonio-Barbera_-segretario-Forza-Italia-Messina-1.jpg","author_info":{"display_name":"Redazione","author_link":"https:\/\/www.messinaoggi.it\/website\/author\/redazione\/"},"digistream_id":0,"digistream":false,"_links":{"self":[{"href":"https:\/\/www.messinaoggi.it\/website\/wp-json\/wp\/v2\/posts\/257558"}],"collection":[{"href":"https:\/\/www.messinaoggi.it\/website\/wp-json\/wp\/v2\/posts"}],"about":[{"href":"https:\/\/www.messinaoggi.it\/website\/wp-json\/wp\/v2\/types\/post"}],"author":[{"embeddable":true,"href":"https:\/\/www.messinaoggi.it\/website\/wp-json\/wp\/v2\/users\/2"}],"replies":[{"embeddable":true,"href":"https:\/\/www.messinaoggi.it\/website\/wp-json\/wp\/v2\/comments?post=257558"}],"version-history":[{"count":1,"href":"https:\/\/www.messinaoggi.it\/website\/wp-json\/wp\/v2\/posts\/257558\/revisions"}],"predecessor-version":[{"id":257560,"href":"https:\/\/www.messinaoggi.it\/website\/wp-json\/wp\/v2\/posts\/257558\/revisions\/257560"}],"wp:featuredmedia":[{"embeddable":true,"href":"https:\/\/www.messinaoggi.it\/website\/wp-json\/wp\/v2\/media\/257559"}],"wp:attachment":[{"href":"https:\/\/www.messinaoggi.it\/website\/wp-json\/wp\/v2\/media?parent=257558"}],"wp:term":[{"taxonomy":"category","embeddable":true,"href":"https:\/\/www.messinaoggi.it\/website\/wp-json\/wp\/v2\/categories?post=257558"},{"taxonomy":"post_tag","embeddable":true,"href":"https:\/\/www.messinaoggi.it\/website\/wp-json\/wp\/v2\/tags?post=257558"}],"curies":[{"name":"wp","href":"https:\/\/api.w.org\/{rel}","templated":true}]}}